{"id":109098,"date":"2016-03-28T12:03:51","date_gmt":"2016-03-28T15:03:51","guid":{"rendered":"http:\/\/www.ufla.br\/ascom\/?p=109098"},"modified":"2016-03-31T11:26:20","modified_gmt":"2016-03-31T14:26:20","slug":"sequenciamento-de-racas-de-fungo-da-ferrugem-do-cafeeiro-apresenta-resultados-promissores","status":"publish","type":"post","link":"https:\/\/www.ufla.br\/dcom\/2016\/03\/28\/sequenciamento-de-racas-de-fungo-da-ferrugem-do-cafeeiro-apresenta-resultados-promissores\/","title":{"rendered":"Sequenciamento de ra\u00e7as de fungo da ferrugem do cafeeiro apresenta resultados promissores"},"content":{"rendered":"<figure id=\"attachment_109099\" aria-describedby=\"caption-attachment-109099\" style=\"width: 612px\" class=\"wp-caption aligncenter\"><a href=\"http:\/\/www.ufla.br\/ascom\/wp-content\/uploads\/2016\/03\/mario-lucio-delaware.jpg\"><img loading=\"lazy\" decoding=\"async\" class=\"size-large wp-image-109099\" src=\"http:\/\/www.ufla.br\/ascom\/wp-content\/uploads\/2016\/03\/mario-lucio-delaware-612x507.jpg\" alt=\"Coordenador do Instituto Nacional de Ci\u00eancia e Tecnologia do Caf\u00e9 (INCT Caf\u00e9), professor do Departamento de Fitopatologia da Universidade Federal de Lavras (UFLA), M\u00e1rio L\u00facio Vilela Resende, professor da Universidade Federal de Vi\u00e7osa, Laercio Zambolim, a pesquisadora da EMBRAPA, Eveline Teixeira Caixeta, e representantes do Delaware Biotechnology Institute\" width=\"612\" height=\"507\" srcset=\"https:\/\/www.ufla.br\/dcom\/wp-content\/uploads\/2016\/03\/mario-lucio-delaware-612x507.jpg 612w, https:\/\/www.ufla.br\/dcom\/wp-content\/uploads\/2016\/03\/mario-lucio-delaware-249x206.jpg 249w, https:\/\/www.ufla.br\/dcom\/wp-content\/uploads\/2016\/03\/mario-lucio-delaware.jpg 1731w\" sizes=\"auto, (max-width: 612px) 100vw, 612px\" \/><\/a><figcaption id=\"caption-attachment-109099\" class=\"wp-caption-text\">Coordenador do Instituto Nacional de Ci\u00eancia e Tecnologia do Caf\u00e9 (INCT Caf\u00e9), professor do Departamento de Fitopatologia da Universidade Federal de Lavras (UFLA), M\u00e1rio L\u00facio Vilela Resende, professor da UFV, Laercio Zambolim, a pesquisadora da Embrapa, Eveline Teixeira Caixeta, e representantes do Delaware Biotechnology Institute<\/figcaption><\/figure>\n<p>Entre os dias 9 e\u00a011 de mar\u00e7o, o coordenador do Instituto Nacional de Ci\u00eancia e Tecnologia do Caf\u00e9 (INCT Caf\u00e9), professor do Departamento de Fitopatologia da Universidade Federal de Lavras (UFLA), M\u00e1rio L\u00facio Vilela de Resende, participou de reuni\u00f5es t\u00e9cnicas na cidade de Newark, em Delaware (EUA), para dar andamento ao projeto que vem sendo desenvolvido entre a UFLA, Universidade Federal de Vi\u00e7osa (UFV), Empresa Brasileira de Pesquisa Agropecu\u00e1ria (Embrapa) e University of Delaware. O resultado dessa parceria resultar\u00e1 na publica\u00e7\u00e3o do genoma completo de ra\u00e7as de fungo da ferrugem do cafeeiro, a principal doen\u00e7a que afeta este cultivo no Brasil.<\/p>\n<p>As ra\u00e7as do fungo\u00a0<em>Hemileia vastatrix<\/em>\u00a0que afetam o cafeeiro est\u00e3o evoluindo no mundo todo; atualmente s\u00e3o conhecidas em torno de cinquenta ra\u00e7as, por\u00e9m pesquisadores acreditam na exist\u00eancia de mais ra\u00e7as. Algumas delas est\u00e3o quebrando a resist\u00eancia de materiais gen\u00e9ticos em campo, devido \u00e0 press\u00e3o de sele\u00e7\u00e3o exercida sobre as mesmas.<\/p>\n<p>Por meio da intera\u00e7\u00e3o com o <em>Delaware Biotechnology Institute<\/em>, o estudo busca chegar a detec\u00e7\u00e3o de ra\u00e7as por meio de marcadores moleculares, como explica o professor M\u00e1rio L\u00facio. \u201cEsse procedimento j\u00e1 vem sendo utilizado para o fungo da ferrugem do trigo e esperamos aplicar para a ferrugem do caf\u00e9, o que ser\u00e1 muito menos trabalhoso em rela\u00e7\u00e3o a s\u00e9rie de plantas diferenciadoras que precisamos manter para diferenciar as ra\u00e7as do fungo\u201d, justifica.<\/p>\n<p>\u201cQueremos conhecer melhor o pat\u00f3geno para podermos melhor combat\u00ea-lo. Uma vez que teremos conhecimento gen\u00f4mico sobre as ra\u00e7as do pat\u00f3geno, vamos poder inferir sobre a resist\u00eancia de cultivares, sobre a durabilidade da resist\u00eancia das cultivares, e tamb\u00e9m sobre a durabilidade dos produtos qu\u00edmicos que estamos utilizando no campo\u201d, explica o coordenador do INCT Caf\u00e9.<\/p>\n<p><strong>Symposium sobre FERRUGEM na Florida<\/strong><\/p>\n<p>O professor Mario Lucio tamb\u00e9m participou nos dias 8 e\u00a09 de mar\u00e7o do \u201cSimp\u00f3sio Internacional sobre Ferrugens\u201d, na cidade de Pensacola, Fl\u00f3rida (EUA). Tr\u00eas trabalhos cient\u00edficos foram apresentados durante o evento, desenvolvidos em conjunto com a UFV, Embrapa e Universidade de Delaware.<\/p>\n<p>Dois estudantes bolsistas do INCT Caf\u00e9, por meio do programa Ci\u00eancias sem Fronteiras, participaram do projeto de sequenciamento e an\u00e1lise do genoma funcional de ra\u00e7as do fungo da ferrugem no \u2018<em>Delaware Biotechnology Institute\u2019,<\/em> sendo eles a doutora em Biotecnologia Vegetal pela UFLA, Brenda Neves Porto, e o p\u00f3s-doutor em Fitopatologia pela UFV, Thiago Andrade Maia.<\/p>\n<p><strong>INCT CAF\u00c9<\/strong><\/p>\n<p>Sediado na Ag\u00eancia de Inova\u00e7\u00e3o do Caf\u00e9 (InovaCaf\u00e9), o INCT Caf\u00e9 tem a miss\u00e3o de gerar tecnologias apropriadas, competitivas e sustent\u00e1veis, por meio da integra\u00e7\u00e3o de compet\u00eancias institucionais, capacita\u00e7\u00e3o de recursos humanos, est\u00edmulo \u00e0 capacidade de inova\u00e7\u00e3o e gera\u00e7\u00e3o de neg\u00f3cios de alto valor agregado na cadeia produtiva do caf\u00e9.\u00a0Atualmente \u00e9 composto pela coopera\u00e7\u00e3o entre seis institui\u00e7\u00f5es que s\u00e3o: UFLA, UFV, Empresa de Pesquisa Agropecu\u00e1ria de Minas Gerais (Epamig), Embrapa Recursos Gen\u00e9ticos e Biotecnologia e Embrapa Caf\u00e9, Instituto Capixaba de Pesquisa, Assist\u00eancia T\u00e9cnica e Extens\u00e3o Rural (Incaper) e Instituto Agron\u00f4mico de Campinas (IAC).<\/p>\n<h5><span style=\"font-family: arial, helvetica, sans-serif; font-size: small;\"><b>Vanessa Trevisan &#8211;\u00a0<\/b><\/span><i><span style=\"font-family: arial, helvetica, sans-serif; font-size: small;\">Assessoria de Comunica\u00e7\u00e3o da\u00a0<\/span><\/i><span style=\"font-family: arial, helvetica, sans-serif; font-size: small;\">Ag\u00eancia de Inova\u00e7\u00e3o do Caf\u00e9 (Inovacaf\u00e9)<\/span><\/h5>\n<p>&nbsp;<\/p>\n","protected":false},"excerpt":{"rendered":"<p>Entre os dias 9 e\u00a011 de mar\u00e7o, o coordenador do Instituto Nacional de Ci\u00eancia e Tecnologia do Caf\u00e9 (INCT Caf\u00e9), professor do Departamento de Fitopatologia da Universidade Federal de Lavras (UFLA), M\u00e1rio L\u00facio Vilela de Resende, participou de reuni\u00f5es t\u00e9cnicas na cidade de Newark, em Delaware (EUA), para dar andamento ao projeto que vem sendo &hellip; <a href=\"https:\/\/www.ufla.br\/dcom\/2016\/03\/28\/sequenciamento-de-racas-de-fungo-da-ferrugem-do-cafeeiro-apresenta-resultados-promissores\/\" class=\"more-link\">Continue lendo <span class=\"screen-reader-text\">Sequenciamento de ra\u00e7as de fungo da ferrugem do cafeeiro apresenta resultados promissores<\/span> <span class=\"meta-nav\">&rarr;<\/span><\/a><\/p>\n","protected":false},"author":9,"featured_media":0,"comment_status":"closed","ping_status":"closed","sticky":false,"template":"","format":"standard","meta":{"ngg_post_thumbnail":0,"footnotes":""},"categories":[1,10],"tags":[],"class_list":["post-109098","post","type-post","status-publish","format-standard","hentry","category-noticias","category-menores"],"_links":{"self":[{"href":"https:\/\/www.ufla.br\/dcom\/wp-json\/wp\/v2\/posts\/109098","targetHints":{"allow":["GET"]}}],"collection":[{"href":"https:\/\/www.ufla.br\/dcom\/wp-json\/wp\/v2\/posts"}],"about":[{"href":"https:\/\/www.ufla.br\/dcom\/wp-json\/wp\/v2\/types\/post"}],"author":[{"embeddable":true,"href":"https:\/\/www.ufla.br\/dcom\/wp-json\/wp\/v2\/users\/9"}],"replies":[{"embeddable":true,"href":"https:\/\/www.ufla.br\/dcom\/wp-json\/wp\/v2\/comments?post=109098"}],"version-history":[{"count":1,"href":"https:\/\/www.ufla.br\/dcom\/wp-json\/wp\/v2\/posts\/109098\/revisions"}],"predecessor-version":[{"id":109100,"href":"https:\/\/www.ufla.br\/dcom\/wp-json\/wp\/v2\/posts\/109098\/revisions\/109100"}],"wp:attachment":[{"href":"https:\/\/www.ufla.br\/dcom\/wp-json\/wp\/v2\/media?parent=109098"}],"wp:term":[{"taxonomy":"category","embeddable":true,"href":"https:\/\/www.ufla.br\/dcom\/wp-json\/wp\/v2\/categories?post=109098"},{"taxonomy":"post_tag","embeddable":true,"href":"https:\/\/www.ufla.br\/dcom\/wp-json\/wp\/v2\/tags?post=109098"}],"curies":[{"name":"wp","href":"https:\/\/api.w.org\/{rel}","templated":true}]}}