{"id":109079,"date":"2016-03-24T09:14:57","date_gmt":"2016-03-24T12:14:57","guid":{"rendered":"http:\/\/www.ufla.br\/ascom\/?p=109079"},"modified":"2016-03-29T18:02:37","modified_gmt":"2016-03-29T21:02:37","slug":"ufla-runners-participou-do-circuito-athenas-no-rio-de-janeiro","status":"publish","type":"post","link":"https:\/\/www.ufla.br\/dcom\/2016\/03\/24\/ufla-runners-participou-do-circuito-athenas-no-rio-de-janeiro\/","title":{"rendered":"UFLA runners participou do Circuito Athenas no Rio de Janeiro"},"content":{"rendered":"<figure id=\"attachment_109080\" aria-describedby=\"caption-attachment-109080\" style=\"width: 612px\" class=\"wp-caption aligncenter\"><a href=\"http:\/\/www.ufla.br\/ascom\/wp-content\/uploads\/2016\/03\/ufka-runners.jpg\"><img loading=\"lazy\" decoding=\"async\" class=\"wp-image-109080 size-large\" src=\"http:\/\/www.ufla.br\/ascom\/wp-content\/uploads\/2016\/03\/ufka-runners-612x407.jpg\" alt=\"A equipe contou com 16 corredores, dentre eles iniciantes, que pela primeira vez participaram de uma prova desse n\u00edvel\" width=\"612\" height=\"407\" srcset=\"https:\/\/www.ufla.br\/dcom\/wp-content\/uploads\/2016\/03\/ufka-runners-612x407.jpg 612w, https:\/\/www.ufla.br\/dcom\/wp-content\/uploads\/2016\/03\/ufka-runners-249x166.jpg 249w, https:\/\/www.ufla.br\/dcom\/wp-content\/uploads\/2016\/03\/ufka-runners.jpg 1599w\" sizes=\"auto, (max-width: 612px) 100vw, 612px\" \/><\/a><figcaption id=\"caption-attachment-109080\" class=\"wp-caption-text\">A equipe contou com 16 corredores, estampado no peito o nome da UFLA!<\/figcaption><\/figure>\n<p>A equipe de corrida composta por servidores da Universidade Federal de Lavras (UFLA runners), dentre eles professores, t\u00e9cnicos e terceirizados, participou no \u00faltimo domingo (20\/3) da 1\u00aa etapa do Circuito Athenas, no Rio de Janeiro. A competi\u00e7\u00e3o incluiu corredores de todo o Brasil e teve as dist\u00e2ncias de 6 e 12 km.<\/p>\n<p>A equipe contou com 16 corredores, dentre eles iniciantes, que pela primeira vez participaram de uma prova desse n\u00edvel. Todos conseguiram se superar e finalizar as dist\u00e2ncias. \u201cEsse tem sido o grande legado; servidores mudando h\u00e1bitos em busca de sa\u00fade e qualidade vida\u201d, relatou Wendel de Souza Pernambuco, idealizador da UFLA runners.<\/p>\n<p>Na competi\u00e7\u00e3o, Alberto Junior Arcanjo do\u00a0Centro Regional de Inicia\u00e7\u00e3o ao Atletismo \u2013 Cria Lavras, e monitor da UFLA runners, obteve a 3\u00aa coloca\u00e7\u00e3o\u00a0nos 6 km, e\u00a0L\u00e1zaro de Oliveira Sobrinho, lotado na Fazenda Palmital, ficou em 7\u00ba lugar na categoria 50\/59 anos, nos 6 km.<\/p>\n<p>A equipe vem crescendo e para o pr\u00f3ximo desafio, no dia 19 de junho, a Meia Maratona de Belo Horizonte, os corredores percorrer\u00e3o as dist\u00e2ncias de 5, 10 e 21 km. A expectativa \u00e9 de que nessa competi\u00e7\u00e3o a delega\u00e7\u00e3o da UFLA runners seja ainda maior.<\/p>\n<p>A UFLA runners conta com o apoio do professor do Departamento de Educa\u00e7\u00e3o F\u00edsica da UFLA Fernando de Oliveira, e com os monitores Alberto Junior e Layla Oliveira. A equipe j\u00e1 tem uma programa\u00e7\u00e3o semanal de treinos, e refor\u00e7a o convite aos servidores que j\u00e1 correm ou que querem come\u00e7ar a atividade. O contato pode ser feito pelo ramal 1116, (falar com Wendel) ou com qualquer membro do grupo.<\/p>\n<figure id=\"attachment_109081\" aria-describedby=\"caption-attachment-109081\" style=\"width: 612px\" class=\"wp-caption aligncenter\"><a href=\"http:\/\/www.ufla.br\/ascom\/wp-content\/uploads\/2016\/03\/ufla-runners2.jpg\"><img loading=\"lazy\" decoding=\"async\" class=\"size-large wp-image-109081\" src=\"http:\/\/www.ufla.br\/ascom\/wp-content\/uploads\/2016\/03\/ufla-runners2-612x407.jpg\" alt=\"Na pr\u00f3xima competi\u00e7\u00e3o, a expectativa \u00e9 de que a equipe UFLA runners seja ainda maior\" width=\"612\" height=\"407\" srcset=\"https:\/\/www.ufla.br\/dcom\/wp-content\/uploads\/2016\/03\/ufla-runners2-612x407.jpg 612w, https:\/\/www.ufla.br\/dcom\/wp-content\/uploads\/2016\/03\/ufla-runners2-249x166.jpg 249w, https:\/\/www.ufla.br\/dcom\/wp-content\/uploads\/2016\/03\/ufla-runners2.jpg 1599w\" sizes=\"auto, (max-width: 612px) 100vw, 612px\" \/><\/a><figcaption id=\"caption-attachment-109081\" class=\"wp-caption-text\">Na pr\u00f3xima competi\u00e7\u00e3o, a expectativa \u00e9 de que a equipe UFLA runners seja ainda maior<\/figcaption><\/figure>\n<h5>Camila Caetano &#8211; jornalista bolsista\/UFLA<\/h5>\n","protected":false},"excerpt":{"rendered":"<p>A equipe de corrida composta por servidores da Universidade Federal de Lavras (UFLA runners), dentre eles professores, t\u00e9cnicos e terceirizados, participou no \u00faltimo domingo (20\/3) da 1\u00aa etapa do Circuito Athenas, no Rio de Janeiro. A competi\u00e7\u00e3o incluiu corredores de todo o Brasil e teve as dist\u00e2ncias de 6 e 12 km. A equipe contou &hellip; <a href=\"https:\/\/www.ufla.br\/dcom\/2016\/03\/24\/ufla-runners-participou-do-circuito-athenas-no-rio-de-janeiro\/\" class=\"more-link\">Continue lendo <span class=\"screen-reader-text\">UFLA runners participou do Circuito Athenas no Rio de Janeiro<\/span> <span class=\"meta-nav\">&rarr;<\/span><\/a><\/p>\n","protected":false},"author":11,"featured_media":0,"comment_status":"closed","ping_status":"closed","sticky":false,"template":"","format":"standard","meta":{"ngg_post_thumbnail":0,"footnotes":""},"categories":[10],"tags":[],"class_list":["post-109079","post","type-post","status-publish","format-standard","hentry","category-menores"],"_links":{"self":[{"href":"https:\/\/www.ufla.br\/dcom\/wp-json\/wp\/v2\/posts\/109079","targetHints":{"allow":["GET"]}}],"collection":[{"href":"https:\/\/www.ufla.br\/dcom\/wp-json\/wp\/v2\/posts"}],"about":[{"href":"https:\/\/www.ufla.br\/dcom\/wp-json\/wp\/v2\/types\/post"}],"author":[{"embeddable":true,"href":"https:\/\/www.ufla.br\/dcom\/wp-json\/wp\/v2\/users\/11"}],"replies":[{"embeddable":true,"href":"https:\/\/www.ufla.br\/dcom\/wp-json\/wp\/v2\/comments?post=109079"}],"version-history":[{"count":1,"href":"https:\/\/www.ufla.br\/dcom\/wp-json\/wp\/v2\/posts\/109079\/revisions"}],"predecessor-version":[{"id":109082,"href":"https:\/\/www.ufla.br\/dcom\/wp-json\/wp\/v2\/posts\/109079\/revisions\/109082"}],"wp:attachment":[{"href":"https:\/\/www.ufla.br\/dcom\/wp-json\/wp\/v2\/media?parent=109079"}],"wp:term":[{"taxonomy":"category","embeddable":true,"href":"https:\/\/www.ufla.br\/dcom\/wp-json\/wp\/v2\/categories?post=109079"},{"taxonomy":"post_tag","embeddable":true,"href":"https:\/\/www.ufla.br\/dcom\/wp-json\/wp\/v2\/tags?post=109079"}],"curies":[{"name":"wp","href":"https:\/\/api.w.org\/{rel}","templated":true}]}}