{"id":109062,"date":"2016-04-05T14:42:26","date_gmt":"2016-04-05T17:42:26","guid":{"rendered":"http:\/\/www.ufla.br\/ascom\/?p=109062"},"modified":"2016-04-11T08:21:22","modified_gmt":"2016-04-11T11:21:22","slug":"eleicoes-para-representantes-de-servidores-nos-conselhos-superiores-da-ufla-ocorrerao-em-84","status":"publish","type":"post","link":"https:\/\/www.ufla.br\/dcom\/2016\/04\/05\/eleicoes-para-representantes-de-servidores-nos-conselhos-superiores-da-ufla-ocorrerao-em-84\/","title":{"rendered":"Candidatos a representar servidores nos Conselhos Superiores da UFLA podem se inscrever at\u00e9 esta quarta (6\/4)"},"content":{"rendered":"<p>Servidores docentes e t\u00e9cnico-administrativos est\u00e3o sendo convocados para participar do processo de elei\u00e7\u00e3o de seus representantes para os Conselhos Superiores da Universidade Federal de Lavras (UFLA). A inscri\u00e7\u00e3o de candidatos <strong>ocorre at\u00e9 6\/4, \u00e0s 17h<\/strong>, na Secretaria dos Conselhos (pr\u00e9dio da Reitoria). J\u00e1 a elei\u00e7\u00e3o ser\u00e1 realizada em 8\/4, das 8h \u00e0s 17h, na Sala dos Conselhos.<\/p>\n<p>Para o Conselho Universit\u00e1rio (CUNI) ser\u00e3o eleitos quatro representantes dos professores titulares; dois representantes de professores associados; dois representantes de professores adjuntos; um representante de professores assistentes (suplente); um representante de professores auxiliares; al\u00e9m de sete representantes dos servidores t\u00e9cnico-administrativos.<\/p>\n<p>Para o Conselho de Ensino, Pesquisa e Extens\u00e3o (CEPE) ser\u00e1 eleito um\u00a0representante dos servidores t\u00e9cnico-administrativos.<\/p>\n<p><a href=\"http:\/\/www.ufla.br\/ascom\/wp-content\/uploads\/2016\/03\/EDITAL-CONVOCA\u00c7\u00c3O-DOCENTES-TECNICOS-2016-1.pdf\">Acesse o edital de convoca\u00e7\u00e3o com as informa\u00e7\u00f5es completas.<\/a><\/p>\n<p><a href=\"http:\/\/www.ufla.br\/ascom\/wp-content\/uploads\/2016\/03\/EDITAL-Retificacao.pdf\">Acesse o Edital de Retifica\u00e7\u00e3o<\/a><\/p>\n<p>&nbsp;<\/p>\n<p>&nbsp;<\/p>\n","protected":false},"excerpt":{"rendered":"<p>Servidores docentes e t\u00e9cnico-administrativos est\u00e3o sendo convocados para participar do processo de elei\u00e7\u00e3o de seus representantes para os Conselhos Superiores da Universidade Federal de Lavras (UFLA). A inscri\u00e7\u00e3o de candidatos ocorre at\u00e9 6\/4, \u00e0s 17h, na Secretaria dos Conselhos (pr\u00e9dio da Reitoria). J\u00e1 a elei\u00e7\u00e3o ser\u00e1 realizada em 8\/4, das 8h \u00e0s 17h, na Sala &hellip; <a href=\"https:\/\/www.ufla.br\/dcom\/2016\/04\/05\/eleicoes-para-representantes-de-servidores-nos-conselhos-superiores-da-ufla-ocorrerao-em-84\/\" class=\"more-link\">Continue lendo <span class=\"screen-reader-text\">Candidatos a representar servidores nos Conselhos Superiores da UFLA podem se inscrever at\u00e9 esta quarta (6\/4)<\/span> <span class=\"meta-nav\">&rarr;<\/span><\/a><\/p>\n","protected":false},"author":13,"featured_media":0,"comment_status":"closed","ping_status":"closed","sticky":false,"template":"","format":"standard","meta":{"ngg_post_thumbnail":0,"footnotes":""},"categories":[1],"tags":[664,228],"class_list":["post-109062","post","type-post","status-publish","format-standard","hentry","category-noticias","tag-conselhos-superiores","tag-eleicao"],"_links":{"self":[{"href":"https:\/\/www.ufla.br\/dcom\/wp-json\/wp\/v2\/posts\/109062","targetHints":{"allow":["GET"]}}],"collection":[{"href":"https:\/\/www.ufla.br\/dcom\/wp-json\/wp\/v2\/posts"}],"about":[{"href":"https:\/\/www.ufla.br\/dcom\/wp-json\/wp\/v2\/types\/post"}],"author":[{"embeddable":true,"href":"https:\/\/www.ufla.br\/dcom\/wp-json\/wp\/v2\/users\/13"}],"replies":[{"embeddable":true,"href":"https:\/\/www.ufla.br\/dcom\/wp-json\/wp\/v2\/comments?post=109062"}],"version-history":[{"count":6,"href":"https:\/\/www.ufla.br\/dcom\/wp-json\/wp\/v2\/posts\/109062\/revisions"}],"predecessor-version":[{"id":109283,"href":"https:\/\/www.ufla.br\/dcom\/wp-json\/wp\/v2\/posts\/109062\/revisions\/109283"}],"wp:attachment":[{"href":"https:\/\/www.ufla.br\/dcom\/wp-json\/wp\/v2\/media?parent=109062"}],"wp:term":[{"taxonomy":"category","embeddable":true,"href":"https:\/\/www.ufla.br\/dcom\/wp-json\/wp\/v2\/categories?post=109062"},{"taxonomy":"post_tag","embeddable":true,"href":"https:\/\/www.ufla.br\/dcom\/wp-json\/wp\/v2\/tags?post=109062"}],"curies":[{"name":"wp","href":"https:\/\/api.w.org\/{rel}","templated":true}]}}