{"id":109010,"date":"2016-03-22T11:12:21","date_gmt":"2016-03-22T14:12:21","guid":{"rendered":"http:\/\/www.ufla.br\/ascom\/?p=109010"},"modified":"2016-04-04T15:36:15","modified_gmt":"2016-04-04T18:36:15","slug":"orquestra-ouro-preto-executou-serie-the-beatles-na-ufla-veja-fotos","status":"publish","type":"post","link":"https:\/\/www.ufla.br\/dcom\/2016\/03\/22\/orquestra-ouro-preto-executou-serie-the-beatles-na-ufla-veja-fotos\/","title":{"rendered":"Orquestra Ouro Preto executou s\u00e9rie \u201cThe Beatles\u201d na UFLA \u2013 veja fotos"},"content":{"rendered":"<figure id=\"attachment_109012\" aria-describedby=\"caption-attachment-109012\" style=\"width: 249px\" class=\"wp-caption alignleft\"><a href=\"http:\/\/www.ufla.br\/ascom\/wp-content\/uploads\/2016\/03\/IMG_2175.jpg\"><img loading=\"lazy\" decoding=\"async\" class=\"wp-image-109012 size-medium\" src=\"http:\/\/www.ufla.br\/ascom\/wp-content\/uploads\/2016\/03\/IMG_2175-249x166.jpg\" alt=\"P\u00fablico lotou o Sal\u00e3o de Conven\u00e7\u00f5es nas duas sess\u00f5es\" width=\"249\" height=\"166\" srcset=\"https:\/\/www.ufla.br\/dcom\/wp-content\/uploads\/2016\/03\/IMG_2175-249x166.jpg 249w, https:\/\/www.ufla.br\/dcom\/wp-content\/uploads\/2016\/03\/IMG_2175-612x408.jpg 612w, https:\/\/www.ufla.br\/dcom\/wp-content\/uploads\/2016\/03\/IMG_2175.jpg 900w\" sizes=\"auto, (max-width: 249px) 100vw, 249px\" \/><\/a><figcaption id=\"caption-attachment-109012\" class=\"wp-caption-text\">P\u00fablico lotou o Sal\u00e3o de Conven\u00e7\u00f5es nas duas sess\u00f5es<\/figcaption><\/figure>\n<p>A combina\u00e7\u00e3o de rock e m\u00fasica erudita marcou a noite do \u00faltimo s\u00e1bado (19) na Universidade Federal de Lavras (UFLA): a <strong>Orquestra Ouro Preto<\/strong> apresentou a s\u00e9rie <em>The Beatles<\/em> em duas sess\u00f5es (\u00e0s 9h30 e 21 horas) no Sal\u00e3o de Conven\u00e7\u00f5es. Nelas, interpretou m\u00fasicas do quarteto ingl\u00eas, combinando melodias orquestradas com uma base executada por uma banda de rock.<\/p>\n<p>A apresenta\u00e7\u00e3o mesclou m\u00fasicas de todas as \u00e9pocas dos Beatles, como <em>She loves you<\/em>, do in\u00edcio da carreira, e <em>Let it be<\/em>, do \u00faltimo disco do grupo. Can\u00e7\u00f5es mais agitadas, como <em>Help!<\/em> e <em>Day Tripper<\/em>, se alternaram com momentos mais suaves, como em <em>Blackbird<\/em> e <em>Here, There and Everywhere<\/em>.<\/p>\n<p>Durante o concerto, o maestro Rodrigo Toffolo falou sobre a inten\u00e7\u00e3o da Orquestra Ouro Preto em mesclar o erudito e o popular na sua produ\u00e7\u00e3o. Ele tamb\u00e9m enalteceu o fato de a Orquestra estar retornando a Lavras para o lan\u00e7amento do disco The Beatles.<\/p>\n<p>No in\u00edcio da segunda s\u00e9rie, \u00e0s 21 horas, a chefe de Gabinete da UFLA, professora Ana Carla Marques Pinheiro e a pr\u00f3-reitora adjunta de Extens\u00e3o e Cultura, professora D\u00e9bora Cristina de Carvalho, homenagearam o coordenador de Cultura, professor Silv\u00e9rio Jos\u00e9 Coelho, pelo per\u00edodo em que ele esteve \u00e0 frente dessa \u00e1rea na UFLA.<\/p>\n<p>O professor Silv\u00e9rio falou sobre a apresenta\u00e7\u00e3o: \u201cTivemos a felicidade de ter sido contemplados pela turn\u00ea Cidades Universit\u00e1rias e as apresenta\u00e7\u00f5es foram muito v\u00e1lidas. Como imagin\u00e1vamos que a procura seria grande, sugerimos que fossem realizados dois shows, o que conseguimos por uma decis\u00e3o gentil do maestro Rodrigo Toffolo e pelo apoio da UFLA, Fundecc, Proec e da produ\u00e7\u00e3o da Orquestra\u201d, afirmou.<\/p>\n<p>Outro ponto ressaltado pelo coordenador de Cultura foi a troca de ingressos por produtos que ser\u00e3o doados a entidades filantr\u00f3picas de Lavras: os 800 ingressos foram adquiridos pela troca de um pacote de fralda geri\u00e1trica, um quilo de caf\u00e9 ou cinco quilos de a\u00e7\u00facar.<\/p>\n<p><strong>Sobre a Orquestra<\/strong><\/p>\n<p>A\u00a0<a href=\"http:\/\/www.orquestraouropreto.com.br\/\"><strong>Orquestra Ouro Preto<\/strong><\/a>\u00a0foi criada no ano 2000 e busca desenvolver repert\u00f3rio diversificado em g\u00eanero e \u00e9pocas. Embora tenha como base a m\u00fasica cl\u00e1ssica, se diferencia de outras orquestras buscando refer\u00eancias na latinidade, ineditismo experimental e di\u00e1logo entre o cl\u00e1ssico e o popular.<\/p>\n<p><!-- default-view.php -->\n<div\n\tclass=\"ngg-galleryoverview default-view\n\t ngg-ajax-pagination-none\t\"\n\tid=\"ngg-gallery-f4feb66aefb5882a12911fd62dcf2644-1\">\n\n\t\t<!-- Thumbnails -->\n\t\t\t\t<div id=\"ngg-image-0\" class=\"ngg-gallery-thumbnail-box\n\t\t\t\t\t\t\t\tngg-5-columns\t\t\t\"\n\t\t\t>\n\t\t\t\t\t\t<div class=\"ngg-gallery-thumbnail\">\n\t\t\t<a href=\"https:\/\/www.ufla.br\/dcom\/wp-content\/gallery\/orquestra-ouro-preto-mateus\/IMG_2070.JPG\"\n\t\t\t\ttitle=\"\"\n\t\t\t\tdata-src=\"https:\/\/www.ufla.br\/dcom\/wp-content\/gallery\/orquestra-ouro-preto-mateus\/IMG_2070.JPG\"\n\t\t\t\tdata-thumbnail=\"https:\/\/www.ufla.br\/dcom\/wp-content\/gallery\/orquestra-ouro-preto-mateus\/thumbs\/thumbs_IMG_2070.JPG\"\n\t\t\t\tdata-image-id=\"37758\"\n\t\t\t\tdata-title=\"IMG_2070\"\n\t\t\t\tdata-description=\"\"\n\t\t\t\tdata-image-slug=\"img_2070-1\"\n\t\t\t\tclass=\"shutterset_f4feb66aefb5882a12911fd62dcf2644\">\n\t\t\t\t<img\n\t\t\t\t\ttitle=\"IMG_2070\"\n\t\t\t\t\talt=\"IMG_2070\"\n\t\t\t\t\tsrc=\"https:\/\/www.ufla.br\/dcom\/nextgen-image\/37758\/100x75x100\/crop\/6807ed9cdf0e0ca1f8b010d13c2a10f4\"\n\t\t\t\t\twidth=\"100\"\n\t\t\t\t\theight=\"75\"\n\t\t\t\t\tstyle=\"max-width:100%;\"\n\t\t\t\t\/>\n\t\t\t<\/a>\n\t\t<\/div>\n\t\t\t\t\t\t\t<\/div>\n\t\t\t\n\t\t\t\t<div id=\"ngg-image-1\" class=\"ngg-gallery-thumbnail-box\n\t\t\t\t\t\t\t\tngg-5-columns\t\t\t\"\n\t\t\t>\n\t\t\t\t\t\t<div class=\"ngg-gallery-thumbnail\">\n\t\t\t<a href=\"https:\/\/www.ufla.br\/dcom\/wp-content\/gallery\/orquestra-ouro-preto-mateus\/IMG_2072.JPG\"\n\t\t\t\ttitle=\"\"\n\t\t\t\tdata-src=\"https:\/\/www.ufla.br\/dcom\/wp-content\/gallery\/orquestra-ouro-preto-mateus\/IMG_2072.JPG\"\n\t\t\t\tdata-thumbnail=\"https:\/\/www.ufla.br\/dcom\/wp-content\/gallery\/orquestra-ouro-preto-mateus\/thumbs\/thumbs_IMG_2072.JPG\"\n\t\t\t\tdata-image-id=\"37759\"\n\t\t\t\tdata-title=\"IMG_2072\"\n\t\t\t\tdata-description=\"\"\n\t\t\t\tdata-image-slug=\"img_2072-4\"\n\t\t\t\tclass=\"shutterset_f4feb66aefb5882a12911fd62dcf2644\">\n\t\t\t\t<img\n\t\t\t\t\ttitle=\"IMG_2072\"\n\t\t\t\t\talt=\"IMG_2072\"\n\t\t\t\t\tsrc=\"https:\/\/www.ufla.br\/dcom\/nextgen-image\/37759\/100x75x100\/crop\/8194415dbedfd22243b2345c0ac9d963\"\n\t\t\t\t\twidth=\"100\"\n\t\t\t\t\theight=\"75\"\n\t\t\t\t\tstyle=\"max-width:100%;\"\n\t\t\t\t\/>\n\t\t\t<\/a>\n\t\t<\/div>\n\t\t\t\t\t\t\t<\/div>\n\t\t\t\n\t\t\t\t<div id=\"ngg-image-2\" class=\"ngg-gallery-thumbnail-box\n\t\t\t\t\t\t\t\tngg-5-columns\t\t\t\"\n\t\t\t>\n\t\t\t\t\t\t<div class=\"ngg-gallery-thumbnail\">\n\t\t\t<a href=\"https:\/\/www.ufla.br\/dcom\/wp-content\/gallery\/orquestra-ouro-preto-mateus\/IMG_2076.JPG\"\n\t\t\t\ttitle=\"\"\n\t\t\t\tdata-src=\"https:\/\/www.ufla.br\/dcom\/wp-content\/gallery\/orquestra-ouro-preto-mateus\/IMG_2076.JPG\"\n\t\t\t\tdata-thumbnail=\"https:\/\/www.ufla.br\/dcom\/wp-content\/gallery\/orquestra-ouro-preto-mateus\/thumbs\/thumbs_IMG_2076.JPG\"\n\t\t\t\tdata-image-id=\"37760\"\n\t\t\t\tdata-title=\"IMG_2076\"\n\t\t\t\tdata-description=\"\"\n\t\t\t\tdata-image-slug=\"img_2076-4\"\n\t\t\t\tclass=\"shutterset_f4feb66aefb5882a12911fd62dcf2644\">\n\t\t\t\t<img\n\t\t\t\t\ttitle=\"IMG_2076\"\n\t\t\t\t\talt=\"IMG_2076\"\n\t\t\t\t\tsrc=\"https:\/\/www.ufla.br\/dcom\/nextgen-image\/37760\/100x75x100\/crop\/e5c4beaa17546de7ba04edccfd8fc113\"\n\t\t\t\t\twidth=\"100\"\n\t\t\t\t\theight=\"75\"\n\t\t\t\t\tstyle=\"max-width:100%;\"\n\t\t\t\t\/>\n\t\t\t<\/a>\n\t\t<\/div>\n\t\t\t\t\t\t\t<\/div>\n\t\t\t\n\t\t\t\t<div id=\"ngg-image-3\" class=\"ngg-gallery-thumbnail-box\n\t\t\t\t\t\t\t\tngg-5-columns\t\t\t\"\n\t\t\t>\n\t\t\t\t\t\t<div class=\"ngg-gallery-thumbnail\">\n\t\t\t<a href=\"https:\/\/www.ufla.br\/dcom\/wp-content\/gallery\/orquestra-ouro-preto-mateus\/IMG_2079.JPG\"\n\t\t\t\ttitle=\"\"\n\t\t\t\tdata-src=\"https:\/\/www.ufla.br\/dcom\/wp-content\/gallery\/orquestra-ouro-preto-mateus\/IMG_2079.JPG\"\n\t\t\t\tdata-thumbnail=\"https:\/\/www.ufla.br\/dcom\/wp-content\/gallery\/orquestra-ouro-preto-mateus\/thumbs\/thumbs_IMG_2079.JPG\"\n\t\t\t\tdata-image-id=\"37761\"\n\t\t\t\tdata-title=\"IMG_2079\"\n\t\t\t\tdata-description=\"\"\n\t\t\t\tdata-image-slug=\"img_2079-1\"\n\t\t\t\tclass=\"shutterset_f4feb66aefb5882a12911fd62dcf2644\">\n\t\t\t\t<img\n\t\t\t\t\ttitle=\"IMG_2079\"\n\t\t\t\t\talt=\"IMG_2079\"\n\t\t\t\t\tsrc=\"https:\/\/www.ufla.br\/dcom\/nextgen-image\/37761\/100x75x100\/crop\/1d5aa52b9d4a7ecb5bddf043c861971a\"\n\t\t\t\t\twidth=\"100\"\n\t\t\t\t\theight=\"75\"\n\t\t\t\t\tstyle=\"max-width:100%;\"\n\t\t\t\t\/>\n\t\t\t<\/a>\n\t\t<\/div>\n\t\t\t\t\t\t\t<\/div>\n\t\t\t\n\t\t\t\t<div id=\"ngg-image-4\" class=\"ngg-gallery-thumbnail-box\n\t\t\t\t\t\t\t\tngg-5-columns\t\t\t\"\n\t\t\t>\n\t\t\t\t\t\t<div class=\"ngg-gallery-thumbnail\">\n\t\t\t<a href=\"https:\/\/www.ufla.br\/dcom\/wp-content\/gallery\/orquestra-ouro-preto-mateus\/IMG_2085.JPG\"\n\t\t\t\ttitle=\"\"\n\t\t\t\tdata-src=\"https:\/\/www.ufla.br\/dcom\/wp-content\/gallery\/orquestra-ouro-preto-mateus\/IMG_2085.JPG\"\n\t\t\t\tdata-thumbnail=\"https:\/\/www.ufla.br\/dcom\/wp-content\/gallery\/orquestra-ouro-preto-mateus\/thumbs\/thumbs_IMG_2085.JPG\"\n\t\t\t\tdata-image-id=\"37762\"\n\t\t\t\tdata-title=\"IMG_2085\"\n\t\t\t\tdata-description=\"\"\n\t\t\t\tdata-image-slug=\"img_2085-1\"\n\t\t\t\tclass=\"shutterset_f4feb66aefb5882a12911fd62dcf2644\">\n\t\t\t\t<img\n\t\t\t\t\ttitle=\"IMG_2085\"\n\t\t\t\t\talt=\"IMG_2085\"\n\t\t\t\t\tsrc=\"https:\/\/www.ufla.br\/dcom\/nextgen-image\/37762\/100x75x100\/crop\/163261e76e65cf328b0805cfd007a115\"\n\t\t\t\t\twidth=\"100\"\n\t\t\t\t\theight=\"75\"\n\t\t\t\t\tstyle=\"max-width:100%;\"\n\t\t\t\t\/>\n\t\t\t<\/a>\n\t\t<\/div>\n\t\t\t\t\t\t\t<\/div>\n\t\t\t\n\t\t\t\t<div id=\"ngg-image-5\" class=\"ngg-gallery-thumbnail-box\n\t\t\t\t\t\t\t\tngg-5-columns\t\t\t\"\n\t\t\t>\n\t\t\t\t\t\t<div class=\"ngg-gallery-thumbnail\">\n\t\t\t<a href=\"https:\/\/www.ufla.br\/dcom\/wp-content\/gallery\/orquestra-ouro-preto-mateus\/IMG_2088.JPG\"\n\t\t\t\ttitle=\"\"\n\t\t\t\tdata-src=\"https:\/\/www.ufla.br\/dcom\/wp-content\/gallery\/orquestra-ouro-preto-mateus\/IMG_2088.JPG\"\n\t\t\t\tdata-thumbnail=\"https:\/\/www.ufla.br\/dcom\/wp-content\/gallery\/orquestra-ouro-preto-mateus\/thumbs\/thumbs_IMG_2088.JPG\"\n\t\t\t\tdata-image-id=\"37763\"\n\t\t\t\tdata-title=\"IMG_2088\"\n\t\t\t\tdata-description=\"\"\n\t\t\t\tdata-image-slug=\"img_2088-4\"\n\t\t\t\tclass=\"shutterset_f4feb66aefb5882a12911fd62dcf2644\">\n\t\t\t\t<img\n\t\t\t\t\ttitle=\"IMG_2088\"\n\t\t\t\t\talt=\"IMG_2088\"\n\t\t\t\t\tsrc=\"https:\/\/www.ufla.br\/dcom\/nextgen-image\/37763\/100x75x100\/crop\/c4a7faaf4b4cd322e59289c28aed82bd\"\n\t\t\t\t\twidth=\"100\"\n\t\t\t\t\theight=\"75\"\n\t\t\t\t\tstyle=\"max-width:100%;\"\n\t\t\t\t\/>\n\t\t\t<\/a>\n\t\t<\/div>\n\t\t\t\t\t\t\t<\/div>\n\t\t\t\n\t\t\t\t<div id=\"ngg-image-6\" class=\"ngg-gallery-thumbnail-box\n\t\t\t\t\t\t\t\tngg-5-columns\t\t\t\"\n\t\t\t>\n\t\t\t\t\t\t<div class=\"ngg-gallery-thumbnail\">\n\t\t\t<a href=\"https:\/\/www.ufla.br\/dcom\/wp-content\/gallery\/orquestra-ouro-preto-mateus\/IMG_2090.JPG\"\n\t\t\t\ttitle=\"\"\n\t\t\t\tdata-src=\"https:\/\/www.ufla.br\/dcom\/wp-content\/gallery\/orquestra-ouro-preto-mateus\/IMG_2090.JPG\"\n\t\t\t\tdata-thumbnail=\"https:\/\/www.ufla.br\/dcom\/wp-content\/gallery\/orquestra-ouro-preto-mateus\/thumbs\/thumbs_IMG_2090.JPG\"\n\t\t\t\tdata-image-id=\"37764\"\n\t\t\t\tdata-title=\"IMG_2090\"\n\t\t\t\tdata-description=\"\"\n\t\t\t\tdata-image-slug=\"img_2090-1\"\n\t\t\t\tclass=\"shutterset_f4feb66aefb5882a12911fd62dcf2644\">\n\t\t\t\t<img\n\t\t\t\t\ttitle=\"IMG_2090\"\n\t\t\t\t\talt=\"IMG_2090\"\n\t\t\t\t\tsrc=\"https:\/\/www.ufla.br\/dcom\/nextgen-image\/37764\/100x75x100\/crop\/18416adfeb6e40d797367b27af8a2fb3\"\n\t\t\t\t\twidth=\"100\"\n\t\t\t\t\theight=\"75\"\n\t\t\t\t\tstyle=\"max-width:100%;\"\n\t\t\t\t\/>\n\t\t\t<\/a>\n\t\t<\/div>\n\t\t\t\t\t\t\t<\/div>\n\t\t\t\n\t\t\t\t<div id=\"ngg-image-7\" class=\"ngg-gallery-thumbnail-box\n\t\t\t\t\t\t\t\tngg-5-columns\t\t\t\"\n\t\t\t>\n\t\t\t\t\t\t<div class=\"ngg-gallery-thumbnail\">\n\t\t\t<a href=\"https:\/\/www.ufla.br\/dcom\/wp-content\/gallery\/orquestra-ouro-preto-mateus\/IMG_2093.JPG\"\n\t\t\t\ttitle=\"\"\n\t\t\t\tdata-src=\"https:\/\/www.ufla.br\/dcom\/wp-content\/gallery\/orquestra-ouro-preto-mateus\/IMG_2093.JPG\"\n\t\t\t\tdata-thumbnail=\"https:\/\/www.ufla.br\/dcom\/wp-content\/gallery\/orquestra-ouro-preto-mateus\/thumbs\/thumbs_IMG_2093.JPG\"\n\t\t\t\tdata-image-id=\"37765\"\n\t\t\t\tdata-title=\"IMG_2093\"\n\t\t\t\tdata-description=\"\"\n\t\t\t\tdata-image-slug=\"img_2093-3\"\n\t\t\t\tclass=\"shutterset_f4feb66aefb5882a12911fd62dcf2644\">\n\t\t\t\t<img\n\t\t\t\t\ttitle=\"IMG_2093\"\n\t\t\t\t\talt=\"IMG_2093\"\n\t\t\t\t\tsrc=\"https:\/\/www.ufla.br\/dcom\/nextgen-image\/37765\/100x75x100\/crop\/9bd16c178d968d133db0137dabd820a7\"\n\t\t\t\t\twidth=\"100\"\n\t\t\t\t\theight=\"75\"\n\t\t\t\t\tstyle=\"max-width:100%;\"\n\t\t\t\t\/>\n\t\t\t<\/a>\n\t\t<\/div>\n\t\t\t\t\t\t\t<\/div>\n\t\t\t\n\t\t\t\t<div id=\"ngg-image-8\" class=\"ngg-gallery-thumbnail-box\n\t\t\t\t\t\t\t\tngg-5-columns\t\t\t\"\n\t\t\t>\n\t\t\t\t\t\t<div class=\"ngg-gallery-thumbnail\">\n\t\t\t<a href=\"https:\/\/www.ufla.br\/dcom\/wp-content\/gallery\/orquestra-ouro-preto-mateus\/IMG_2095.JPG\"\n\t\t\t\ttitle=\"\"\n\t\t\t\tdata-src=\"https:\/\/www.ufla.br\/dcom\/wp-content\/gallery\/orquestra-ouro-preto-mateus\/IMG_2095.JPG\"\n\t\t\t\tdata-thumbnail=\"https:\/\/www.ufla.br\/dcom\/wp-content\/gallery\/orquestra-ouro-preto-mateus\/thumbs\/thumbs_IMG_2095.JPG\"\n\t\t\t\tdata-image-id=\"37766\"\n\t\t\t\tdata-title=\"IMG_2095\"\n\t\t\t\tdata-description=\"\"\n\t\t\t\tdata-image-slug=\"img_2095-3\"\n\t\t\t\tclass=\"shutterset_f4feb66aefb5882a12911fd62dcf2644\">\n\t\t\t\t<img\n\t\t\t\t\ttitle=\"IMG_2095\"\n\t\t\t\t\talt=\"IMG_2095\"\n\t\t\t\t\tsrc=\"https:\/\/www.ufla.br\/dcom\/nextgen-image\/37766\/100x75x100\/crop\/4123237cea0295bf8fbc7b4c926cd22d\"\n\t\t\t\t\twidth=\"100\"\n\t\t\t\t\theight=\"75\"\n\t\t\t\t\tstyle=\"max-width:100%;\"\n\t\t\t\t\/>\n\t\t\t<\/a>\n\t\t<\/div>\n\t\t\t\t\t\t\t<\/div>\n\t\t\t\n\t\t\t\t<div id=\"ngg-image-9\" class=\"ngg-gallery-thumbnail-box\n\t\t\t\t\t\t\t\tngg-5-columns\t\t\t\"\n\t\t\t>\n\t\t\t\t\t\t<div class=\"ngg-gallery-thumbnail\">\n\t\t\t<a href=\"https:\/\/www.ufla.br\/dcom\/wp-content\/gallery\/orquestra-ouro-preto-mateus\/IMG_2098.JPG\"\n\t\t\t\ttitle=\"\"\n\t\t\t\tdata-src=\"https:\/\/www.ufla.br\/dcom\/wp-content\/gallery\/orquestra-ouro-preto-mateus\/IMG_2098.JPG\"\n\t\t\t\tdata-thumbnail=\"https:\/\/www.ufla.br\/dcom\/wp-content\/gallery\/orquestra-ouro-preto-mateus\/thumbs\/thumbs_IMG_2098.JPG\"\n\t\t\t\tdata-image-id=\"37767\"\n\t\t\t\tdata-title=\"IMG_2098\"\n\t\t\t\tdata-description=\"\"\n\t\t\t\tdata-image-slug=\"img_2098\"\n\t\t\t\tclass=\"shutterset_f4feb66aefb5882a12911fd62dcf2644\">\n\t\t\t\t<img\n\t\t\t\t\ttitle=\"IMG_2098\"\n\t\t\t\t\talt=\"IMG_2098\"\n\t\t\t\t\tsrc=\"https:\/\/www.ufla.br\/dcom\/nextgen-image\/37767\/100x75x100\/crop\/68f4773893e57c8a33994dd1e5756ae9\"\n\t\t\t\t\twidth=\"100\"\n\t\t\t\t\theight=\"75\"\n\t\t\t\t\tstyle=\"max-width:100%;\"\n\t\t\t\t\/>\n\t\t\t<\/a>\n\t\t<\/div>\n\t\t\t\t\t\t\t<\/div>\n\t\t\t\n\t\t\t\t<div id=\"ngg-image-10\" class=\"ngg-gallery-thumbnail-box\n\t\t\t\t\t\t\t\tngg-5-columns\t\t\t\"\n\t\t\t>\n\t\t\t\t\t\t<div class=\"ngg-gallery-thumbnail\">\n\t\t\t<a href=\"https:\/\/www.ufla.br\/dcom\/wp-content\/gallery\/orquestra-ouro-preto-mateus\/IMG_2099.JPG\"\n\t\t\t\ttitle=\"\"\n\t\t\t\tdata-src=\"https:\/\/www.ufla.br\/dcom\/wp-content\/gallery\/orquestra-ouro-preto-mateus\/IMG_2099.JPG\"\n\t\t\t\tdata-thumbnail=\"https:\/\/www.ufla.br\/dcom\/wp-content\/gallery\/orquestra-ouro-preto-mateus\/thumbs\/thumbs_IMG_2099.JPG\"\n\t\t\t\tdata-image-id=\"37768\"\n\t\t\t\tdata-title=\"IMG_2099\"\n\t\t\t\tdata-description=\"\"\n\t\t\t\tdata-image-slug=\"img_2099\"\n\t\t\t\tclass=\"shutterset_f4feb66aefb5882a12911fd62dcf2644\">\n\t\t\t\t<img\n\t\t\t\t\ttitle=\"IMG_2099\"\n\t\t\t\t\talt=\"IMG_2099\"\n\t\t\t\t\tsrc=\"https:\/\/www.ufla.br\/dcom\/nextgen-image\/37768\/100x75x100\/crop\/0f2004196c3d93e967ff6722853fe34d\"\n\t\t\t\t\twidth=\"\"\n\t\t\t\t\theight=\"\"\n\t\t\t\t\tstyle=\"max-width:100%;\"\n\t\t\t\t\/>\n\t\t\t<\/a>\n\t\t<\/div>\n\t\t\t\t\t\t\t<\/div>\n\t\t\t\n\t\t\t\t<div id=\"ngg-image-11\" class=\"ngg-gallery-thumbnail-box\n\t\t\t\t\t\t\t\tngg-5-columns\t\t\t\"\n\t\t\t>\n\t\t\t\t\t\t<div class=\"ngg-gallery-thumbnail\">\n\t\t\t<a href=\"https:\/\/www.ufla.br\/dcom\/wp-content\/gallery\/orquestra-ouro-preto-mateus\/IMG_2107.JPG\"\n\t\t\t\ttitle=\"\"\n\t\t\t\tdata-src=\"https:\/\/www.ufla.br\/dcom\/wp-content\/gallery\/orquestra-ouro-preto-mateus\/IMG_2107.JPG\"\n\t\t\t\tdata-thumbnail=\"https:\/\/www.ufla.br\/dcom\/wp-content\/gallery\/orquestra-ouro-preto-mateus\/thumbs\/thumbs_IMG_2107.JPG\"\n\t\t\t\tdata-image-id=\"37769\"\n\t\t\t\tdata-title=\"IMG_2107\"\n\t\t\t\tdata-description=\"\"\n\t\t\t\tdata-image-slug=\"img_2107-3\"\n\t\t\t\tclass=\"shutterset_f4feb66aefb5882a12911fd62dcf2644\">\n\t\t\t\t<img\n\t\t\t\t\ttitle=\"IMG_2107\"\n\t\t\t\t\talt=\"IMG_2107\"\n\t\t\t\t\tsrc=\"https:\/\/www.ufla.br\/dcom\/nextgen-image\/37769\/100x75x100\/crop\/2bfaecac0e290400bc78dac4c22a3ac1\"\n\t\t\t\t\twidth=\"100\"\n\t\t\t\t\theight=\"75\"\n\t\t\t\t\tstyle=\"max-width:100%;\"\n\t\t\t\t\/>\n\t\t\t<\/a>\n\t\t<\/div>\n\t\t\t\t\t\t\t<\/div>\n\t\t\t\n\t\t\t\t<div id=\"ngg-image-12\" class=\"ngg-gallery-thumbnail-box\n\t\t\t\t\t\t\t\tngg-5-columns\t\t\t\"\n\t\t\t>\n\t\t\t\t\t\t<div class=\"ngg-gallery-thumbnail\">\n\t\t\t<a href=\"https:\/\/www.ufla.br\/dcom\/wp-content\/gallery\/orquestra-ouro-preto-mateus\/IMG_2109.JPG\"\n\t\t\t\ttitle=\"\"\n\t\t\t\tdata-src=\"https:\/\/www.ufla.br\/dcom\/wp-content\/gallery\/orquestra-ouro-preto-mateus\/IMG_2109.JPG\"\n\t\t\t\tdata-thumbnail=\"https:\/\/www.ufla.br\/dcom\/wp-content\/gallery\/orquestra-ouro-preto-mateus\/thumbs\/thumbs_IMG_2109.JPG\"\n\t\t\t\tdata-image-id=\"37770\"\n\t\t\t\tdata-title=\"IMG_2109\"\n\t\t\t\tdata-description=\"\"\n\t\t\t\tdata-image-slug=\"img_2109-3\"\n\t\t\t\tclass=\"shutterset_f4feb66aefb5882a12911fd62dcf2644\">\n\t\t\t\t<img\n\t\t\t\t\ttitle=\"IMG_2109\"\n\t\t\t\t\talt=\"IMG_2109\"\n\t\t\t\t\tsrc=\"https:\/\/www.ufla.br\/dcom\/nextgen-image\/37770\/100x75x100\/crop\/631841971e896d289ba88221f92c2956\"\n\t\t\t\t\twidth=\"100\"\n\t\t\t\t\theight=\"75\"\n\t\t\t\t\tstyle=\"max-width:100%;\"\n\t\t\t\t\/>\n\t\t\t<\/a>\n\t\t<\/div>\n\t\t\t\t\t\t\t<\/div>\n\t\t\t\n\t\t\t\t<div id=\"ngg-image-13\" class=\"ngg-gallery-thumbnail-box\n\t\t\t\t\t\t\t\tngg-5-columns\t\t\t\"\n\t\t\t>\n\t\t\t\t\t\t<div class=\"ngg-gallery-thumbnail\">\n\t\t\t<a href=\"https:\/\/www.ufla.br\/dcom\/wp-content\/gallery\/orquestra-ouro-preto-mateus\/IMG_2115.JPG\"\n\t\t\t\ttitle=\"\"\n\t\t\t\tdata-src=\"https:\/\/www.ufla.br\/dcom\/wp-content\/gallery\/orquestra-ouro-preto-mateus\/IMG_2115.JPG\"\n\t\t\t\tdata-thumbnail=\"https:\/\/www.ufla.br\/dcom\/wp-content\/gallery\/orquestra-ouro-preto-mateus\/thumbs\/thumbs_IMG_2115.JPG\"\n\t\t\t\tdata-image-id=\"37771\"\n\t\t\t\tdata-title=\"IMG_2115\"\n\t\t\t\tdata-description=\"\"\n\t\t\t\tdata-image-slug=\"img_2115-3\"\n\t\t\t\tclass=\"shutterset_f4feb66aefb5882a12911fd62dcf2644\">\n\t\t\t\t<img\n\t\t\t\t\ttitle=\"IMG_2115\"\n\t\t\t\t\talt=\"IMG_2115\"\n\t\t\t\t\tsrc=\"https:\/\/www.ufla.br\/dcom\/nextgen-image\/37771\/100x75x100\/crop\/20b171368c6b3f0c9df22b719fd97bd7\"\n\t\t\t\t\twidth=\"100\"\n\t\t\t\t\theight=\"75\"\n\t\t\t\t\tstyle=\"max-width:100%;\"\n\t\t\t\t\/>\n\t\t\t<\/a>\n\t\t<\/div>\n\t\t\t\t\t\t\t<\/div>\n\t\t\t\n\t\t\t\t<div id=\"ngg-image-14\" class=\"ngg-gallery-thumbnail-box\n\t\t\t\t\t\t\t\tngg-5-columns\t\t\t\"\n\t\t\t>\n\t\t\t\t\t\t<div class=\"ngg-gallery-thumbnail\">\n\t\t\t<a href=\"https:\/\/www.ufla.br\/dcom\/wp-content\/gallery\/orquestra-ouro-preto-mateus\/IMG_2116.JPG\"\n\t\t\t\ttitle=\"\"\n\t\t\t\tdata-src=\"https:\/\/www.ufla.br\/dcom\/wp-content\/gallery\/orquestra-ouro-preto-mateus\/IMG_2116.JPG\"\n\t\t\t\tdata-thumbnail=\"https:\/\/www.ufla.br\/dcom\/wp-content\/gallery\/orquestra-ouro-preto-mateus\/thumbs\/thumbs_IMG_2116.JPG\"\n\t\t\t\tdata-image-id=\"37772\"\n\t\t\t\tdata-title=\"IMG_2116\"\n\t\t\t\tdata-description=\"\"\n\t\t\t\tdata-image-slug=\"img_2116-3\"\n\t\t\t\tclass=\"shutterset_f4feb66aefb5882a12911fd62dcf2644\">\n\t\t\t\t<img\n\t\t\t\t\ttitle=\"IMG_2116\"\n\t\t\t\t\talt=\"IMG_2116\"\n\t\t\t\t\tsrc=\"https:\/\/www.ufla.br\/dcom\/nextgen-image\/37772\/100x75x100\/crop\/56175e69a8a198f59670e7056dcb103d\"\n\t\t\t\t\twidth=\"100\"\n\t\t\t\t\theight=\"75\"\n\t\t\t\t\tstyle=\"max-width:100%;\"\n\t\t\t\t\/>\n\t\t\t<\/a>\n\t\t<\/div>\n\t\t\t\t\t\t\t<\/div>\n\t\t\t\n\t\t\t\t<div id=\"ngg-image-15\" class=\"ngg-gallery-thumbnail-box\n\t\t\t\t\t\t\t\tngg-5-columns\t\t\t\"\n\t\t\t>\n\t\t\t\t\t\t<div class=\"ngg-gallery-thumbnail\">\n\t\t\t<a href=\"https:\/\/www.ufla.br\/dcom\/wp-content\/gallery\/orquestra-ouro-preto-mateus\/IMG_2119.JPG\"\n\t\t\t\ttitle=\"\"\n\t\t\t\tdata-src=\"https:\/\/www.ufla.br\/dcom\/wp-content\/gallery\/orquestra-ouro-preto-mateus\/IMG_2119.JPG\"\n\t\t\t\tdata-thumbnail=\"https:\/\/www.ufla.br\/dcom\/wp-content\/gallery\/orquestra-ouro-preto-mateus\/thumbs\/thumbs_IMG_2119.JPG\"\n\t\t\t\tdata-image-id=\"37773\"\n\t\t\t\tdata-title=\"IMG_2119\"\n\t\t\t\tdata-description=\"\"\n\t\t\t\tdata-image-slug=\"img_2119\"\n\t\t\t\tclass=\"shutterset_f4feb66aefb5882a12911fd62dcf2644\">\n\t\t\t\t<img\n\t\t\t\t\ttitle=\"IMG_2119\"\n\t\t\t\t\talt=\"IMG_2119\"\n\t\t\t\t\tsrc=\"https:\/\/www.ufla.br\/dcom\/nextgen-image\/37773\/100x75x100\/crop\/0947db4ee139e045b4afd5b093c096b4\"\n\t\t\t\t\twidth=\"100\"\n\t\t\t\t\theight=\"75\"\n\t\t\t\t\tstyle=\"max-width:100%;\"\n\t\t\t\t\/>\n\t\t\t<\/a>\n\t\t<\/div>\n\t\t\t\t\t\t\t<\/div>\n\t\t\t\n\t\t\t\t<div id=\"ngg-image-16\" class=\"ngg-gallery-thumbnail-box\n\t\t\t\t\t\t\t\tngg-5-columns\t\t\t\"\n\t\t\t>\n\t\t\t\t\t\t<div class=\"ngg-gallery-thumbnail\">\n\t\t\t<a href=\"https:\/\/www.ufla.br\/dcom\/wp-content\/gallery\/orquestra-ouro-preto-mateus\/IMG_2120.JPG\"\n\t\t\t\ttitle=\"\"\n\t\t\t\tdata-src=\"https:\/\/www.ufla.br\/dcom\/wp-content\/gallery\/orquestra-ouro-preto-mateus\/IMG_2120.JPG\"\n\t\t\t\tdata-thumbnail=\"https:\/\/www.ufla.br\/dcom\/wp-content\/gallery\/orquestra-ouro-preto-mateus\/thumbs\/thumbs_IMG_2120.JPG\"\n\t\t\t\tdata-image-id=\"37774\"\n\t\t\t\tdata-title=\"IMG_2120\"\n\t\t\t\tdata-description=\"\"\n\t\t\t\tdata-image-slug=\"img_2120-3\"\n\t\t\t\tclass=\"shutterset_f4feb66aefb5882a12911fd62dcf2644\">\n\t\t\t\t<img\n\t\t\t\t\ttitle=\"IMG_2120\"\n\t\t\t\t\talt=\"IMG_2120\"\n\t\t\t\t\tsrc=\"https:\/\/www.ufla.br\/dcom\/nextgen-image\/37774\/100x75x100\/crop\/336750cc4590098b5cfb32c95c214ae2\"\n\t\t\t\t\twidth=\"100\"\n\t\t\t\t\theight=\"75\"\n\t\t\t\t\tstyle=\"max-width:100%;\"\n\t\t\t\t\/>\n\t\t\t<\/a>\n\t\t<\/div>\n\t\t\t\t\t\t\t<\/div>\n\t\t\t\n\t\t\t\t<div id=\"ngg-image-17\" class=\"ngg-gallery-thumbnail-box\n\t\t\t\t\t\t\t\tngg-5-columns\t\t\t\"\n\t\t\t>\n\t\t\t\t\t\t<div class=\"ngg-gallery-thumbnail\">\n\t\t\t<a href=\"https:\/\/www.ufla.br\/dcom\/wp-content\/gallery\/orquestra-ouro-preto-mateus\/IMG_2125.JPG\"\n\t\t\t\ttitle=\"\"\n\t\t\t\tdata-src=\"https:\/\/www.ufla.br\/dcom\/wp-content\/gallery\/orquestra-ouro-preto-mateus\/IMG_2125.JPG\"\n\t\t\t\tdata-thumbnail=\"https:\/\/www.ufla.br\/dcom\/wp-content\/gallery\/orquestra-ouro-preto-mateus\/thumbs\/thumbs_IMG_2125.JPG\"\n\t\t\t\tdata-image-id=\"37775\"\n\t\t\t\tdata-title=\"IMG_2125\"\n\t\t\t\tdata-description=\"\"\n\t\t\t\tdata-image-slug=\"img_2125-3\"\n\t\t\t\tclass=\"shutterset_f4feb66aefb5882a12911fd62dcf2644\">\n\t\t\t\t<img\n\t\t\t\t\ttitle=\"IMG_2125\"\n\t\t\t\t\talt=\"IMG_2125\"\n\t\t\t\t\tsrc=\"https:\/\/www.ufla.br\/dcom\/nextgen-image\/37775\/100x75x100\/crop\/36e7d9db38bbf14ab5f2b144c815f0e5\"\n\t\t\t\t\twidth=\"100\"\n\t\t\t\t\theight=\"75\"\n\t\t\t\t\tstyle=\"max-width:100%;\"\n\t\t\t\t\/>\n\t\t\t<\/a>\n\t\t<\/div>\n\t\t\t\t\t\t\t<\/div>\n\t\t\t\n\t\t\t\t<div id=\"ngg-image-18\" class=\"ngg-gallery-thumbnail-box\n\t\t\t\t\t\t\t\tngg-5-columns\t\t\t\"\n\t\t\t>\n\t\t\t\t\t\t<div class=\"ngg-gallery-thumbnail\">\n\t\t\t<a href=\"https:\/\/www.ufla.br\/dcom\/wp-content\/gallery\/orquestra-ouro-preto-mateus\/IMG_2129.JPG\"\n\t\t\t\ttitle=\"\"\n\t\t\t\tdata-src=\"https:\/\/www.ufla.br\/dcom\/wp-content\/gallery\/orquestra-ouro-preto-mateus\/IMG_2129.JPG\"\n\t\t\t\tdata-thumbnail=\"https:\/\/www.ufla.br\/dcom\/wp-content\/gallery\/orquestra-ouro-preto-mateus\/thumbs\/thumbs_IMG_2129.JPG\"\n\t\t\t\tdata-image-id=\"37776\"\n\t\t\t\tdata-title=\"IMG_2129\"\n\t\t\t\tdata-description=\"\"\n\t\t\t\tdata-image-slug=\"img_2129\"\n\t\t\t\tclass=\"shutterset_f4feb66aefb5882a12911fd62dcf2644\">\n\t\t\t\t<img\n\t\t\t\t\ttitle=\"IMG_2129\"\n\t\t\t\t\talt=\"IMG_2129\"\n\t\t\t\t\tsrc=\"https:\/\/www.ufla.br\/dcom\/nextgen-image\/37776\/100x75x100\/crop\/3e9648e3c5274f98a9c6ac31120b5631\"\n\t\t\t\t\twidth=\"100\"\n\t\t\t\t\theight=\"75\"\n\t\t\t\t\tstyle=\"max-width:100%;\"\n\t\t\t\t\/>\n\t\t\t<\/a>\n\t\t<\/div>\n\t\t\t\t\t\t\t<\/div>\n\t\t\t\n\t\t\t\t<div id=\"ngg-image-19\" class=\"ngg-gallery-thumbnail-box\n\t\t\t\t\t\t\t\tngg-5-columns\t\t\t\"\n\t\t\t>\n\t\t\t\t\t\t<div class=\"ngg-gallery-thumbnail\">\n\t\t\t<a href=\"https:\/\/www.ufla.br\/dcom\/wp-content\/gallery\/orquestra-ouro-preto-mateus\/IMG_2130.JPG\"\n\t\t\t\ttitle=\"\"\n\t\t\t\tdata-src=\"https:\/\/www.ufla.br\/dcom\/wp-content\/gallery\/orquestra-ouro-preto-mateus\/IMG_2130.JPG\"\n\t\t\t\tdata-thumbnail=\"https:\/\/www.ufla.br\/dcom\/wp-content\/gallery\/orquestra-ouro-preto-mateus\/thumbs\/thumbs_IMG_2130.JPG\"\n\t\t\t\tdata-image-id=\"37777\"\n\t\t\t\tdata-title=\"IMG_2130\"\n\t\t\t\tdata-description=\"\"\n\t\t\t\tdata-image-slug=\"img_2130-3\"\n\t\t\t\tclass=\"shutterset_f4feb66aefb5882a12911fd62dcf2644\">\n\t\t\t\t<img\n\t\t\t\t\ttitle=\"IMG_2130\"\n\t\t\t\t\talt=\"IMG_2130\"\n\t\t\t\t\tsrc=\"https:\/\/www.ufla.br\/dcom\/nextgen-image\/37777\/100x75x100\/crop\/709cfa56980b7b08afc067a83a0a81bb\"\n\t\t\t\t\twidth=\"100\"\n\t\t\t\t\theight=\"75\"\n\t\t\t\t\tstyle=\"max-width:100%;\"\n\t\t\t\t\/>\n\t\t\t<\/a>\n\t\t<\/div>\n\t\t\t\t\t\t\t<\/div>\n\t\t\t\n\t\t\t\t<div id=\"ngg-image-20\" class=\"ngg-gallery-thumbnail-box\n\t\t\t\t\t\t\t\tngg-5-columns\t\t\t\"\n\t\t\t>\n\t\t\t\t\t\t<div class=\"ngg-gallery-thumbnail\">\n\t\t\t<a href=\"https:\/\/www.ufla.br\/dcom\/wp-content\/gallery\/orquestra-ouro-preto-mateus\/IMG_2135.JPG\"\n\t\t\t\ttitle=\"\"\n\t\t\t\tdata-src=\"https:\/\/www.ufla.br\/dcom\/wp-content\/gallery\/orquestra-ouro-preto-mateus\/IMG_2135.JPG\"\n\t\t\t\tdata-thumbnail=\"https:\/\/www.ufla.br\/dcom\/wp-content\/gallery\/orquestra-ouro-preto-mateus\/thumbs\/thumbs_IMG_2135.JPG\"\n\t\t\t\tdata-image-id=\"37778\"\n\t\t\t\tdata-title=\"IMG_2135\"\n\t\t\t\tdata-description=\"\"\n\t\t\t\tdata-image-slug=\"img_2135-1\"\n\t\t\t\tclass=\"shutterset_f4feb66aefb5882a12911fd62dcf2644\">\n\t\t\t\t<img\n\t\t\t\t\ttitle=\"IMG_2135\"\n\t\t\t\t\talt=\"IMG_2135\"\n\t\t\t\t\tsrc=\"https:\/\/www.ufla.br\/dcom\/nextgen-image\/37778\/100x75x100\/crop\/f8e7edca93d9159934b9187b41dd2701\"\n\t\t\t\t\twidth=\"100\"\n\t\t\t\t\theight=\"75\"\n\t\t\t\t\tstyle=\"max-width:100%;\"\n\t\t\t\t\/>\n\t\t\t<\/a>\n\t\t<\/div>\n\t\t\t\t\t\t\t<\/div>\n\t\t\t\n\t\t\t\t<div id=\"ngg-image-21\" class=\"ngg-gallery-thumbnail-box\n\t\t\t\t\t\t\t\tngg-5-columns\t\t\t\"\n\t\t\t>\n\t\t\t\t\t\t<div class=\"ngg-gallery-thumbnail\">\n\t\t\t<a href=\"https:\/\/www.ufla.br\/dcom\/wp-content\/gallery\/orquestra-ouro-preto-mateus\/IMG_2139.JPG\"\n\t\t\t\ttitle=\"\"\n\t\t\t\tdata-src=\"https:\/\/www.ufla.br\/dcom\/wp-content\/gallery\/orquestra-ouro-preto-mateus\/IMG_2139.JPG\"\n\t\t\t\tdata-thumbnail=\"https:\/\/www.ufla.br\/dcom\/wp-content\/gallery\/orquestra-ouro-preto-mateus\/thumbs\/thumbs_IMG_2139.JPG\"\n\t\t\t\tdata-image-id=\"37779\"\n\t\t\t\tdata-title=\"IMG_2139\"\n\t\t\t\tdata-description=\"\"\n\t\t\t\tdata-image-slug=\"img_2139-4\"\n\t\t\t\tclass=\"shutterset_f4feb66aefb5882a12911fd62dcf2644\">\n\t\t\t\t<img\n\t\t\t\t\ttitle=\"IMG_2139\"\n\t\t\t\t\talt=\"IMG_2139\"\n\t\t\t\t\tsrc=\"https:\/\/www.ufla.br\/dcom\/nextgen-image\/37779\/100x75x100\/crop\/7d761ed0d6bd61391e180ae41ea8363c\"\n\t\t\t\t\twidth=\"100\"\n\t\t\t\t\theight=\"75\"\n\t\t\t\t\tstyle=\"max-width:100%;\"\n\t\t\t\t\/>\n\t\t\t<\/a>\n\t\t<\/div>\n\t\t\t\t\t\t\t<\/div>\n\t\t\t\n\t\t\t\t<div id=\"ngg-image-22\" class=\"ngg-gallery-thumbnail-box\n\t\t\t\t\t\t\t\tngg-5-columns\t\t\t\"\n\t\t\t>\n\t\t\t\t\t\t<div class=\"ngg-gallery-thumbnail\">\n\t\t\t<a href=\"https:\/\/www.ufla.br\/dcom\/wp-content\/gallery\/orquestra-ouro-preto-mateus\/IMG_2141.JPG\"\n\t\t\t\ttitle=\"\"\n\t\t\t\tdata-src=\"https:\/\/www.ufla.br\/dcom\/wp-content\/gallery\/orquestra-ouro-preto-mateus\/IMG_2141.JPG\"\n\t\t\t\tdata-thumbnail=\"https:\/\/www.ufla.br\/dcom\/wp-content\/gallery\/orquestra-ouro-preto-mateus\/thumbs\/thumbs_IMG_2141.JPG\"\n\t\t\t\tdata-image-id=\"37780\"\n\t\t\t\tdata-title=\"IMG_2141\"\n\t\t\t\tdata-description=\"\"\n\t\t\t\tdata-image-slug=\"img_2141\"\n\t\t\t\tclass=\"shutterset_f4feb66aefb5882a12911fd62dcf2644\">\n\t\t\t\t<img\n\t\t\t\t\ttitle=\"IMG_2141\"\n\t\t\t\t\talt=\"IMG_2141\"\n\t\t\t\t\tsrc=\"https:\/\/www.ufla.br\/dcom\/nextgen-image\/37780\/100x75x100\/crop\/35d49b6d26a8c31bbea79e002d377c8e\"\n\t\t\t\t\twidth=\"100\"\n\t\t\t\t\theight=\"75\"\n\t\t\t\t\tstyle=\"max-width:100%;\"\n\t\t\t\t\/>\n\t\t\t<\/a>\n\t\t<\/div>\n\t\t\t\t\t\t\t<\/div>\n\t\t\t\n\t\t\t\t<div id=\"ngg-image-23\" class=\"ngg-gallery-thumbnail-box\n\t\t\t\t\t\t\t\tngg-5-columns\t\t\t\"\n\t\t\t>\n\t\t\t\t\t\t<div class=\"ngg-gallery-thumbnail\">\n\t\t\t<a href=\"https:\/\/www.ufla.br\/dcom\/wp-content\/gallery\/orquestra-ouro-preto-mateus\/IMG_2143.JPG\"\n\t\t\t\ttitle=\"\"\n\t\t\t\tdata-src=\"https:\/\/www.ufla.br\/dcom\/wp-content\/gallery\/orquestra-ouro-preto-mateus\/IMG_2143.JPG\"\n\t\t\t\tdata-thumbnail=\"https:\/\/www.ufla.br\/dcom\/wp-content\/gallery\/orquestra-ouro-preto-mateus\/thumbs\/thumbs_IMG_2143.JPG\"\n\t\t\t\tdata-image-id=\"37781\"\n\t\t\t\tdata-title=\"IMG_2143\"\n\t\t\t\tdata-description=\"\"\n\t\t\t\tdata-image-slug=\"img_2143-1\"\n\t\t\t\tclass=\"shutterset_f4feb66aefb5882a12911fd62dcf2644\">\n\t\t\t\t<img\n\t\t\t\t\ttitle=\"IMG_2143\"\n\t\t\t\t\talt=\"IMG_2143\"\n\t\t\t\t\tsrc=\"https:\/\/www.ufla.br\/dcom\/nextgen-image\/37781\/100x75x100\/crop\/c7fbd17913f89f3ca8dffa0c485f0a5d\"\n\t\t\t\t\twidth=\"100\"\n\t\t\t\t\theight=\"75\"\n\t\t\t\t\tstyle=\"max-width:100%;\"\n\t\t\t\t\/>\n\t\t\t<\/a>\n\t\t<\/div>\n\t\t\t\t\t\t\t<\/div>\n\t\t\t\n\t\t\t\t<div id=\"ngg-image-24\" class=\"ngg-gallery-thumbnail-box\n\t\t\t\t\t\t\t\tngg-5-columns\t\t\t\"\n\t\t\t>\n\t\t\t\t\t\t<div class=\"ngg-gallery-thumbnail\">\n\t\t\t<a href=\"https:\/\/www.ufla.br\/dcom\/wp-content\/gallery\/orquestra-ouro-preto-mateus\/IMG_2145.JPG\"\n\t\t\t\ttitle=\"\"\n\t\t\t\tdata-src=\"https:\/\/www.ufla.br\/dcom\/wp-content\/gallery\/orquestra-ouro-preto-mateus\/IMG_2145.JPG\"\n\t\t\t\tdata-thumbnail=\"https:\/\/www.ufla.br\/dcom\/wp-content\/gallery\/orquestra-ouro-preto-mateus\/thumbs\/thumbs_IMG_2145.JPG\"\n\t\t\t\tdata-image-id=\"37782\"\n\t\t\t\tdata-title=\"IMG_2145\"\n\t\t\t\tdata-description=\"\"\n\t\t\t\tdata-image-slug=\"img_2145-4\"\n\t\t\t\tclass=\"shutterset_f4feb66aefb5882a12911fd62dcf2644\">\n\t\t\t\t<img\n\t\t\t\t\ttitle=\"IMG_2145\"\n\t\t\t\t\talt=\"IMG_2145\"\n\t\t\t\t\tsrc=\"https:\/\/www.ufla.br\/dcom\/nextgen-image\/37782\/100x75x100\/crop\/3071cdb00c0ed0bf3343394d1c845dfb\"\n\t\t\t\t\twidth=\"100\"\n\t\t\t\t\theight=\"75\"\n\t\t\t\t\tstyle=\"max-width:100%;\"\n\t\t\t\t\/>\n\t\t\t<\/a>\n\t\t<\/div>\n\t\t\t\t\t\t\t<\/div>\n\t\t\t\n\t\n\t<br style=\"clear: both\" \/>\n\n\t\n\t\t<!-- Pagination -->\n\t\t<div class='ngg-navigation'><span class='current'>1<\/span>\n<a class='page-numbers' data-pageid='2' href='https:\/\/www.ufla.br\/dcom\/2016\/03\/22\/orquestra-ouro-preto-executou-serie-the-beatles-na-ufla-veja-fotos\/nggallery\/page\/2'>2<\/a>\n<a class='prev' href='https:\/\/www.ufla.br\/dcom\/2016\/03\/22\/orquestra-ouro-preto-executou-serie-the-beatles-na-ufla-veja-fotos\/nggallery\/page\/2' data-pageid=2>&#9658;<\/a><\/div>\t<\/div>\n<\/p>\n<p>&nbsp;<\/p>\n","protected":false},"excerpt":{"rendered":"<p>A combina\u00e7\u00e3o de rock e m\u00fasica erudita marcou a noite do \u00faltimo s\u00e1bado (19) na Universidade Federal de Lavras (UFLA): a Orquestra Ouro Preto apresentou a s\u00e9rie The Beatles (&#8230;)<\/p>\n","protected":false},"author":8,"featured_media":0,"comment_status":"closed","ping_status":"closed","sticky":false,"template":"","format":"standard","meta":{"ngg_post_thumbnail":0,"footnotes":""},"categories":[1],"tags":[71,848,547,1752],"class_list":["post-109010","post","type-post","status-publish","format-standard","hentry","category-noticias","tag-cultura","tag-musica","tag-orquestra","tag-orquestra-ouro-preto"],"_links":{"self":[{"href":"https:\/\/www.ufla.br\/dcom\/wp-json\/wp\/v2\/posts\/109010","targetHints":{"allow":["GET"]}}],"collection":[{"href":"https:\/\/www.ufla.br\/dcom\/wp-json\/wp\/v2\/posts"}],"about":[{"href":"https:\/\/www.ufla.br\/dcom\/wp-json\/wp\/v2\/types\/post"}],"author":[{"embeddable":true,"href":"https:\/\/www.ufla.br\/dcom\/wp-json\/wp\/v2\/users\/8"}],"replies":[{"embeddable":true,"href":"https:\/\/www.ufla.br\/dcom\/wp-json\/wp\/v2\/comments?post=109010"}],"version-history":[{"count":1,"href":"https:\/\/www.ufla.br\/dcom\/wp-json\/wp\/v2\/posts\/109010\/revisions"}],"predecessor-version":[{"id":109013,"href":"https:\/\/www.ufla.br\/dcom\/wp-json\/wp\/v2\/posts\/109010\/revisions\/109013"}],"wp:attachment":[{"href":"https:\/\/www.ufla.br\/dcom\/wp-json\/wp\/v2\/media?parent=109010"}],"wp:term":[{"taxonomy":"category","embeddable":true,"href":"https:\/\/www.ufla.br\/dcom\/wp-json\/wp\/v2\/categories?post=109010"},{"taxonomy":"post_tag","embeddable":true,"href":"https:\/\/www.ufla.br\/dcom\/wp-json\/wp\/v2\/tags?post=109010"}],"curies":[{"name":"wp","href":"https:\/\/api.w.org\/{rel}","templated":true}]}}