{"id":108604,"date":"2016-03-14T10:08:51","date_gmt":"2016-03-14T13:08:51","guid":{"rendered":"http:\/\/www.ufla.br\/ascom\/?p=108604"},"modified":"2016-03-16T13:35:26","modified_gmt":"2016-03-16T16:35:26","slug":"projeto-borbulhando-enfrentamentos-as-violencias-sexuais-nas-infancias-completa-um-ano","status":"publish","type":"post","link":"https:\/\/www.ufla.br\/dcom\/2016\/03\/14\/projeto-borbulhando-enfrentamentos-as-violencias-sexuais-nas-infancias-completa-um-ano\/","title":{"rendered":"Projeto Borbulhando Enfrentamentos \u00e0s Viol\u00eancias Sexuais nas Inf\u00e2ncias completa um ano"},"content":{"rendered":"<figure id=\"attachment_108605\" aria-describedby=\"caption-attachment-108605\" style=\"width: 249px\" class=\"wp-caption alignleft\"><a href=\"http:\/\/www.ufla.br\/ascom\/wp-content\/uploads\/2016\/03\/Projeto_Borbulhando_2.jpg\"><img loading=\"lazy\" decoding=\"async\" class=\"wp-image-108605 size-medium\" src=\"http:\/\/www.ufla.br\/ascom\/wp-content\/uploads\/2016\/03\/Projeto_Borbulhando_2-249x166.jpg\" alt=\"Projeto_Borbulhando_2\" width=\"249\" height=\"166\" srcset=\"https:\/\/www.ufla.br\/dcom\/wp-content\/uploads\/2016\/03\/Projeto_Borbulhando_2-249x166.jpg 249w, https:\/\/www.ufla.br\/dcom\/wp-content\/uploads\/2016\/03\/Projeto_Borbulhando_2-612x408.jpg 612w, https:\/\/www.ufla.br\/dcom\/wp-content\/uploads\/2016\/03\/Projeto_Borbulhando_2.jpg 850w\" sizes=\"auto, (max-width: 249px) 100vw, 249px\" \/><\/a><figcaption id=\"caption-attachment-108605\" class=\"wp-caption-text\">Um debate franco e sistem\u00e1tico sobre as constru\u00e7\u00f5es de g\u00eanero e sexualidades<\/figcaption><\/figure>\n<p>O projeto sobre enfrentamentos \u00e0s viol\u00eancias sexuais nas inf\u00e2ncias no Sul de Minas Gerais, do Departamento de Educa\u00e7\u00e3o da Universidade Federal de Lavras (DED\/UFLA), completou um ano nesse domingo, 13 de mar\u00e7o, com muitas borbulhas e significativos aprendizados.<\/p>\n<p>O projeto Borbulhando \u00e9 coordenado pela professora do DED Cl\u00e1udia Maria Ribeiro, sendo aprovado pelo edital do Programa de Extens\u00e3o\u00a0Universit\u00e1ria do Minist\u00e9rio da Educa\u00e7\u00e3o (Proext\/MEC\/2015) com nota m\u00e1xima, o que se deve \u00e0 abrang\u00eancia social de sua proposta: o p\u00fablico-alvo envolve profissionais de educa\u00e7\u00e3o de munic\u00edpios integrantes do F\u00f3rum Sul-Mineiro de Educa\u00e7\u00e3o Infantil e de Centros de Refer\u00eancia de Assist\u00eancia Social (Cras), Centros de Refer\u00eancia Especializados de Assist\u00eancia Social (Creas) e Conselhos Tutelares.<\/p>\n<p>\u201cAs rela\u00e7\u00f5es de g\u00eanero, ou seja, a constru\u00e7\u00e3o cultural do feminino e do masculino, as sexualidades, e, dentre seus v\u00e1rios aspectos, as viol\u00eancias sexuais, est\u00e3o presentes nos Centros Municipais de Educa\u00e7\u00e3o Infantil (Cemeis) quer as pessoas queiram, quer n\u00e3o. Discutir essas quest\u00f5es significa pensar de que modo a cultura, as Cemeis e sujeitos se articulam por meio das constru\u00e7\u00f5es de g\u00eanero e sexualidades, uma vez que entendemos a cultura como campo de lutas, negocia\u00e7\u00f5es, contesta\u00e7\u00f5es e enfrentamentos, em que se produzem tanto os sentidos quanto os sujeitos que constroem os diversos grupos sociais e suas singularidades\u201d, afirma Cl\u00e1udia.<\/p>\n<figure id=\"attachment_108606\" aria-describedby=\"caption-attachment-108606\" style=\"width: 249px\" class=\"wp-caption alignright\"><a href=\"http:\/\/www.ufla.br\/ascom\/wp-content\/uploads\/2016\/03\/Projeto_Borbulhando_3.jpg\"><img loading=\"lazy\" decoding=\"async\" class=\"wp-image-108606 size-medium\" src=\"http:\/\/www.ufla.br\/ascom\/wp-content\/uploads\/2016\/03\/Projeto_Borbulhando_3-249x157.jpg\" alt=\"Projeto_Borbulhando_3\" width=\"249\" height=\"157\" srcset=\"https:\/\/www.ufla.br\/dcom\/wp-content\/uploads\/2016\/03\/Projeto_Borbulhando_3-249x157.jpg 249w, https:\/\/www.ufla.br\/dcom\/wp-content\/uploads\/2016\/03\/Projeto_Borbulhando_3-612x386.jpg 612w, https:\/\/www.ufla.br\/dcom\/wp-content\/uploads\/2016\/03\/Projeto_Borbulhando_3.jpg 858w\" sizes=\"auto, (max-width: 249px) 100vw, 249px\" \/><\/a><figcaption id=\"caption-attachment-108606\" class=\"wp-caption-text\">Trabalho premiado em 1\u00ba lugar na modalidade Desenho, de autoria de Mikaella Cristina Silva, da E.M. Jos\u00e9 Serafim \u2013 Anos finais do Ensino Fundamental.<\/figcaption><\/figure>\n<p>Diversas a\u00e7\u00f5es s\u00e3o realizadas no Projeto, como o desenvolvimento de jogos para crian\u00e7as, de maneira que a sexualidade seja retratada de forma adequada \u00e0 idade. Durante o ano tamb\u00e9m foram confeccionadas diversas edi\u00e7\u00f5es do jornal \u201cBorbulhando informa\u00e7\u00f5es\u201d. E no momento, est\u00e1 sendo finalizado um livro fruto do Projeto, com artigos de renomados profissionais da \u00e1rea.<\/p>\n<p>Durante todo o ano foram realizadas capacita\u00e7\u00f5es quinzenais com professores da rede p\u00fablica. Totalizando em 80 horas de curso de forma\u00e7\u00e3o, com encontros presenciais, atividades a dist\u00e2ncia, semin\u00e1rios, confec\u00e7\u00e3o de jogos e atividades com as crian\u00e7as.<\/p>\n<p>\u201cAs express\u00f5es sexuais das crian\u00e7as que transitam pela Educa\u00e7\u00e3o Infantil s\u00e3o analisadas, na maioria das vezes, sob a \u00f3tica do adulto, da sexualidade adulta, que logo atribuem \u00e0quelas a\u00e7\u00f5es, sentidos e interpreta\u00e7\u00f5es deles mesmo. Torna-se, portanto, imprescind\u00edvel que essa tem\u00e1tica seja discutida por profissionais que integram as redes de prote\u00e7\u00e3o \u00e0s crian\u00e7as com vistas a aprofundar referenciais te\u00f3ricos tais como: conceitos de inf\u00e2ncia, direitos humanos, g\u00eanero, viol\u00eancias sexuais, direitos das crian\u00e7as. Tudo isso com vistas a contribuir para a discuss\u00e3o e formula\u00e7\u00e3o de pol\u00edticas p\u00fablicas\u201d, comenta Cl\u00e1udia.<\/p>\n<figure id=\"attachment_108607\" aria-describedby=\"caption-attachment-108607\" style=\"width: 249px\" class=\"wp-caption alignleft\"><a href=\"http:\/\/www.ufla.br\/ascom\/wp-content\/uploads\/2016\/03\/Projeto_Borbulhando_4.jpg\"><img loading=\"lazy\" decoding=\"async\" class=\"size-medium wp-image-108607\" src=\"http:\/\/www.ufla.br\/ascom\/wp-content\/uploads\/2016\/03\/Projeto_Borbulhando_4-249x166.jpg\" alt=\"Apresenta\u00e7\u00e3o de dan\u00e7a de grupo do Ceacad.\" width=\"249\" height=\"166\" srcset=\"https:\/\/www.ufla.br\/dcom\/wp-content\/uploads\/2016\/03\/Projeto_Borbulhando_4-249x166.jpg 249w, https:\/\/www.ufla.br\/dcom\/wp-content\/uploads\/2016\/03\/Projeto_Borbulhando_4-612x408.jpg 612w, https:\/\/www.ufla.br\/dcom\/wp-content\/uploads\/2016\/03\/Projeto_Borbulhando_4.jpg 850w\" sizes=\"auto, (max-width: 249px) 100vw, 249px\" \/><\/a><figcaption id=\"caption-attachment-108607\" class=\"wp-caption-text\">Apresenta\u00e7\u00e3o de dan\u00e7a de grupo do Ceacad<\/figcaption><\/figure>\n<p>A professora Cl\u00e1udia relata que em cada encontro os integrantes ampliam olhares no combate \u00e0s viol\u00eancias, principalmente \u00e0s viol\u00eancias sexuais contra as crian\u00e7as, por meio de debates em mesa redonda, em falas subsidiadas por textos te\u00f3ricos que s\u00e3o refer\u00eancia na tem\u00e1tica e propiciam o aprofundamento das quest\u00f5es e inquieta\u00e7\u00f5es. Al\u00e9m disso, segundo ela, realizam-se, tamb\u00e9m, debates focando nas trocas de experi\u00eancia no dia a dia das institui\u00e7\u00f5es de Educa\u00e7\u00e3o Infantil e ainda sess\u00e3o de filmes e document\u00e1rios que depois far\u00e3o parte dos relatos pessoais de cada integrante do curso.<\/p>\n<p>O Projeto conta com a participa\u00e7\u00e3o de 14 cidades do sul de Minas, envolvendo aproximadamente 100 participantes, al\u00e9m do Grupo de Pesquisa, coordenado pela professora Cl\u00e1udia, \u201cRela\u00e7\u00f5es entre filosofia e educa\u00e7\u00e3o para a sexualidade na contemporaneidade: a problem\u00e1tica da forma\u00e7\u00e3o docente\u201d e ainda integrantes do Pibid Pedagogia\/UFLA.<\/p>\n<h5><strong>Texto: Camila Caetano \u2013 jornalista\/ bolsista UFLA, com a colabora\u00e7\u00e3o de Maria de F\u00e1tima Ribeiro \u2013 jornalista e presidenta do Conselho Municipal dos Direitos da Crian\u00e7a e do Adolescente. <\/strong><\/h5>\n<p>&nbsp;<\/p>\n","protected":false},"excerpt":{"rendered":"<p>O projeto sobre enfrentamentos \u00e0s viol\u00eancias sexuais nas inf\u00e2ncias no Sul de Minas Gerais, do Departamento de Educa\u00e7\u00e3o da Universidade Federal de Lavras (DED\/UFLA), completou um ano nesse domingo, 13 de mar\u00e7o, com muitas borbulhas e significativos aprendizados. O projeto Borbulhando \u00e9 coordenado pela professora do DED Cl\u00e1udia Maria Ribeiro, sendo aprovado pelo edital do &hellip; <a href=\"https:\/\/www.ufla.br\/dcom\/2016\/03\/14\/projeto-borbulhando-enfrentamentos-as-violencias-sexuais-nas-infancias-completa-um-ano\/\" class=\"more-link\">Continue lendo <span class=\"screen-reader-text\">Projeto Borbulhando Enfrentamentos \u00e0s Viol\u00eancias Sexuais nas Inf\u00e2ncias completa um ano<\/span> <span class=\"meta-nav\">&rarr;<\/span><\/a><\/p>\n","protected":false},"author":11,"featured_media":0,"comment_status":"closed","ping_status":"closed","sticky":false,"template":"","format":"standard","meta":{"ngg_post_thumbnail":0,"footnotes":""},"categories":[10],"tags":[],"class_list":["post-108604","post","type-post","status-publish","format-standard","hentry","category-menores"],"_links":{"self":[{"href":"https:\/\/www.ufla.br\/dcom\/wp-json\/wp\/v2\/posts\/108604","targetHints":{"allow":["GET"]}}],"collection":[{"href":"https:\/\/www.ufla.br\/dcom\/wp-json\/wp\/v2\/posts"}],"about":[{"href":"https:\/\/www.ufla.br\/dcom\/wp-json\/wp\/v2\/types\/post"}],"author":[{"embeddable":true,"href":"https:\/\/www.ufla.br\/dcom\/wp-json\/wp\/v2\/users\/11"}],"replies":[{"embeddable":true,"href":"https:\/\/www.ufla.br\/dcom\/wp-json\/wp\/v2\/comments?post=108604"}],"version-history":[{"count":1,"href":"https:\/\/www.ufla.br\/dcom\/wp-json\/wp\/v2\/posts\/108604\/revisions"}],"predecessor-version":[{"id":108608,"href":"https:\/\/www.ufla.br\/dcom\/wp-json\/wp\/v2\/posts\/108604\/revisions\/108608"}],"wp:attachment":[{"href":"https:\/\/www.ufla.br\/dcom\/wp-json\/wp\/v2\/media?parent=108604"}],"wp:term":[{"taxonomy":"category","embeddable":true,"href":"https:\/\/www.ufla.br\/dcom\/wp-json\/wp\/v2\/categories?post=108604"},{"taxonomy":"post_tag","embeddable":true,"href":"https:\/\/www.ufla.br\/dcom\/wp-json\/wp\/v2\/tags?post=108604"}],"curies":[{"name":"wp","href":"https:\/\/api.w.org\/{rel}","templated":true}]}}