{"id":1084,"date":"2007-11-19T00:00:00","date_gmt":"2007-11-19T00:00:00","guid":{"rendered":"http:\/\/www.ascom.ufla.br\/site\/index.php\/2007\/11\/comissao-de-educacao-da-camara-dos-deputados-aprova-emenda-andifes-2008\/"},"modified":"2007-11-19T00:00:00","modified_gmt":"2007-11-19T00:00:00","slug":"comissao-de-educacao-da-camara-dos-deputados-aprova-emenda-andifes-2008","status":"publish","type":"post","link":"https:\/\/www.ufla.br\/dcom\/2007\/11\/19\/comissao-de-educacao-da-camara-dos-deputados-aprova-emenda-andifes-2008\/","title":{"rendered":"Comiss\u00e3o de Educa\u00e7\u00e3o da C\u00e2mara dos Deputados aprova Emenda Andifes 2008"},"content":{"rendered":"<p>A Comiss\u00e3o de Educa\u00e7\u00e3o e Cultura da C\u00e2mara dos Deputados aprovou, nesta ter\u00e7a-feira (13\/11), a inclus\u00e3o da Emenda Andifes, no valor de R$ 250 milh\u00f5es, na Lei Or\u00e7ament\u00e1ria Anual (LOA) de 2008. O texto dos recursos para o pr\u00f3ximo ano deve ser votado na Comiss\u00e3o Mista de Or\u00e7amento at\u00e9 o dia 18 de dezembro.<\/p>\n<p>Neste ano, a regra para apresenta\u00e7\u00e3o de emendas \u00e0 LOA foi alterada, restringindo-se a quatro por Comiss\u00e3o, diferente das cinco que poderiam ser apresentadas nos anos anteriores. Dessa forma, foram aprovadas, por unanimidade, as seguintes emendas: fomento a projetos em arte e cultura \u2013 do Minist\u00e9rio da Cultura; e apoio ao transporte escolar para a Educa\u00e7\u00e3o B\u00e1sica, moderniza\u00e7\u00e3o das Redes P\u00fablicas Estadual e Municipal de Educa\u00e7\u00e3o Profissional e Tecnol\u00f3gica e Emenda Andifes \u2013 do Minist\u00e9rio da Educa\u00e7\u00e3o.<\/p>\n<p>Com a Emenda Andifes 2008, as Institui\u00e7\u00f5es Federais de Ensino Superior receber\u00e3o R$ 250 milh\u00f5es, sendo R$ 75 milh\u00f5es para custeio e R$ 175 milh\u00f5es para investimentos. A Emenda Andifes \u00e9 fundamental para completar os recursos das 58 IFES.<\/p>\n<p>Confira alguns depoimentos de membros da Comiss\u00e3o de Educa\u00e7\u00e3o<\/p>\n<p>\u00b4Existe uma tradi\u00e7\u00e3o na aprova\u00e7\u00e3o da Emenda Andifes desde que estive \u00e0 frente da Comiss\u00e3o de Educa\u00e7\u00e3o. De l\u00e1 para c\u00e1, a C\u00e2mara dos Deputados sempre destina recursos para as universidades federais. Neste ano, houve uma discuss\u00e3o a cerca da aprova\u00e7\u00e3o da Emenda, mas conseguimos fazer um acordo. O ressurgimento da Frente Parlamentar em Defesa da Universidade P\u00fablica e a participa\u00e7\u00e3o de diversos dirigentes foram importante para mobilizar os parlamentares a reconhecer a import\u00e2ncia de um or\u00e7amento suplementar, al\u00e9m do destinado pelo MEC, para ser distribu\u00eddo entre as institui\u00e7\u00f5es como forma de recursos para a implementa\u00e7\u00e3o de suas atividades meio e fim. Queremos que a universidade cres\u00e7a mais e com qualidade, contribuindo para o desenvolvimento sustent\u00e1vel do pa\u00eds\u00b4 \u2013 deputado federal Pedro Wilson (PT-GO).<\/p>\n<p>\u00b4A Comiss\u00e3o de Educa\u00e7\u00e3o sempre prestigia e valoriza a educa\u00e7\u00e3o brasileira, seja no ensino b\u00e1sico, seja na educa\u00e7\u00e3o superior e profissionalizante. A Emenda Andifes vem ajudar o ensino universit\u00e1rio federal na amplia\u00e7\u00e3o de novos cursos e no aumento de jovens na educa\u00e7\u00e3o superior. Dessa forma, a Comiss\u00e3o de Educa\u00e7\u00e3o fez justi\u00e7a em aprovar a Emenda Andifes mais uma vez. Esperamos que consigamos destinar mais recursos para as universidades nos pr\u00f3ximos anos\u00b4 \u2013 deputado federal Lobbe Neto (PSDB-SP).<\/p>\n<p>\u201cA Comiss\u00e3o de Educa\u00e7\u00e3o nunca deixou a Andifes sem emenda para auxiliar no processo de expans\u00e3o e no custeio das universidades federais. Neste ano, os recursos para custeio aumentaram, mas ainda \u00e9 necess\u00e1rio recurso para investimento e para manuten\u00e7\u00e3o das universidades, principalmente para a assist\u00eancia estudantil. Infelizmente, os parlamentares queriam deixar a Emenda Andifes fora do or\u00e7amento de 2008, mas conseguimos reverter essa situa\u00e7\u00e3o\u201d \u2013 deputado federal Gilmar Machado (PT-MG).<\/p>\n<p>(Lilian Saldanha &#8211; Assessoria de Comunica\u00e7\u00e3o da Andifes)<\/p>\n","protected":false},"excerpt":{"rendered":"<p>A Comiss\u00e3o de Educa\u00e7\u00e3o e Cultura da C\u00e2mara dos Deputados aprovou, nesta ter\u00e7a-feira (13\/11), a inclus\u00e3o da Emenda Andifes, no valor de R$ 250 milh\u00f5es, na Lei Or\u00e7ament\u00e1ria Anual (LOA) de 2008. O texto dos recursos para o pr\u00f3ximo ano deve ser votado na Comiss\u00e3o Mista de Or\u00e7amento at\u00e9 o dia 18 de dezembro. Neste &hellip; <a href=\"https:\/\/www.ufla.br\/dcom\/2007\/11\/19\/comissao-de-educacao-da-camara-dos-deputados-aprova-emenda-andifes-2008\/\" class=\"more-link\">Continue lendo <span class=\"screen-reader-text\">Comiss\u00e3o de Educa\u00e7\u00e3o da C\u00e2mara dos Deputados aprova Emenda Andifes 2008<\/span> <span class=\"meta-nav\">&rarr;<\/span><\/a><\/p>\n","protected":false},"author":9,"featured_media":0,"comment_status":"open","ping_status":"open","sticky":false,"template":"","format":"standard","meta":{"ngg_post_thumbnail":0,"footnotes":""},"categories":[1],"tags":[],"class_list":["post-1084","post","type-post","status-publish","format-standard","hentry","category-noticias"],"_links":{"self":[{"href":"https:\/\/www.ufla.br\/dcom\/wp-json\/wp\/v2\/posts\/1084","targetHints":{"allow":["GET"]}}],"collection":[{"href":"https:\/\/www.ufla.br\/dcom\/wp-json\/wp\/v2\/posts"}],"about":[{"href":"https:\/\/www.ufla.br\/dcom\/wp-json\/wp\/v2\/types\/post"}],"author":[{"embeddable":true,"href":"https:\/\/www.ufla.br\/dcom\/wp-json\/wp\/v2\/users\/9"}],"replies":[{"embeddable":true,"href":"https:\/\/www.ufla.br\/dcom\/wp-json\/wp\/v2\/comments?post=1084"}],"version-history":[{"count":0,"href":"https:\/\/www.ufla.br\/dcom\/wp-json\/wp\/v2\/posts\/1084\/revisions"}],"wp:attachment":[{"href":"https:\/\/www.ufla.br\/dcom\/wp-json\/wp\/v2\/media?parent=1084"}],"wp:term":[{"taxonomy":"category","embeddable":true,"href":"https:\/\/www.ufla.br\/dcom\/wp-json\/wp\/v2\/categories?post=1084"},{"taxonomy":"post_tag","embeddable":true,"href":"https:\/\/www.ufla.br\/dcom\/wp-json\/wp\/v2\/tags?post=1084"}],"curies":[{"name":"wp","href":"https:\/\/api.w.org\/{rel}","templated":true}]}}