{"id":108292,"date":"2016-03-03T18:01:48","date_gmt":"2016-03-03T21:01:48","guid":{"rendered":"http:\/\/www.ufla.br\/ascom\/?p=108292"},"modified":"2016-03-07T18:48:15","modified_gmt":"2016-03-07T21:48:15","slug":"incubacoop-e-terra-junior-realizarao-evento-social-no-bairro-campestre-iii-no-proximo-sabado","status":"publish","type":"post","link":"https:\/\/www.ufla.br\/dcom\/2016\/03\/03\/incubacoop-e-terra-junior-realizarao-evento-social-no-bairro-campestre-iii-no-proximo-sabado\/","title":{"rendered":"Incubacoop e Terra J\u00fanior realizar\u00e3o evento social no bairro Campestre III no pr\u00f3ximo s\u00e1bado"},"content":{"rendered":"<p><a href=\"http:\/\/www.ufla.br\/ascom\/wp-content\/uploads\/2016\/03\/campestre_pra\u00e7a_2.jpg\"><img loading=\"lazy\" decoding=\"async\" class=\"aligncenter size-full wp-image-108293\" src=\"http:\/\/www.ufla.br\/ascom\/wp-content\/uploads\/2016\/03\/campestre_pra\u00e7a_2.jpg\" alt=\"campestre_pra\u00e7a_2\" width=\"509\" height=\"720\" srcset=\"https:\/\/www.ufla.br\/dcom\/wp-content\/uploads\/2016\/03\/campestre_pra\u00e7a_2.jpg 509w, https:\/\/www.ufla.br\/dcom\/wp-content\/uploads\/2016\/03\/campestre_pra\u00e7a_2-176x249.jpg 176w\" sizes=\"auto, (max-width: 509px) 100vw, 509px\" \/><\/a><\/p>\n<p>&nbsp;<\/p>\n<p>A Incubadora Tecnol\u00f3gica de Cooperativas Populares (Incubacoop) e a Terra J\u00fanior realizar\u00e3o, no pr\u00f3ximo s\u00e1bado (5\/3), o evento &#8220;<strong>Associa\u00e7\u00e3o na Pra\u00e7a<\/strong>&#8220;. A a\u00e7\u00e3o \u00e9 voltada para a conscientiza\u00e7\u00e3o dos moradores do bairro Campestre III com rela\u00e7\u00e3o \u00e0 preserva\u00e7\u00e3o ambiental atrav\u00e9s da metodologia dos 3R&#8217;s: reciclagem, reutiliza\u00e7\u00e3o e redu\u00e7\u00e3o.<\/p>\n<p>O evento ser\u00e1 realizado das 8h \u00e0s 11h, e contar\u00e1 com atra\u00e7\u00f5es culturais, shows, estandes tem\u00e1ticos e tendas para maior comodidade do p\u00fablico presente. Os moradores de toda a comunidade est\u00e3o convidados a participar.<\/p>\n<p>A a\u00e7\u00e3o \u00e9 uma atividade em conjunto com a Associa\u00e7\u00e3o Comunit\u00e1ria dos bairros Jardim Gl\u00f3ria e Campestres I,II,III (ACBJGC) que trabalha em prol da comunidade com a\u00e7\u00f5es de recupera\u00e7\u00e3o de dependentes qu\u00edmicos e preserva\u00e7\u00e3o do meio ambiente, atrav\u00e9s da separa\u00e7\u00e3o de materiais recicl\u00e1veis e do cultivo de uma horta agroecol\u00f3gica.<\/p>\n<p><strong>Incubacoop<\/strong><\/p>\n<p>Projeto de Extens\u00e3o da UFLA que, desde 2005 auxilia grupos de trabalhadores populares, desempregados que buscam uma recoloca\u00e7\u00e3o no mercado formal, ou pessoas que j\u00e1 realizam alguma atividade econ\u00f4mica e desejam organizar-se em cooperativas.<\/p>\n<p>A cooperativa \u00e9 uma alternativa de organiza\u00e7\u00e3o que preconiza a autogest\u00e3o, a ajuda m\u00fatua e os princ\u00edpios de solidariedade, democracia e igualdade. S\u00e3o unidades de trabalho em que os pr\u00f3prios trabalhadores t\u00eam a posse dos direitos de decis\u00e3o sobre todos os processos, arbitrando entre si as formas de administra\u00e7\u00e3o, produ\u00e7\u00e3o e remunera\u00e7\u00e3o. O cooperativismo coloca-se ent\u00e3o como uma forma mais justa e humana de gera\u00e7\u00e3o de trabalho e renda.<\/p>\n<p><strong>Terra J\u00fanior<\/strong><\/p>\n<p>Empresa j\u00fanior do Departamento de Agricultura\/UFLA que atua no mercado de consultoria e na elabora\u00e7\u00e3o de projetos agropecu\u00e1rios h\u00e1 15 anos. Al\u00e9m de visar \u00e0 complementa\u00e7\u00e3o acad\u00eamica, a empresa tamb\u00e9m promove a\u00e7\u00f5es de cidadania, a fim de contribuir na melhoria das comunidades da regi\u00e3o.<\/p>\n<p>A empresa, de car\u00e1ter multidisciplinar, com integrantes dos cursos de Administra\u00e7\u00e3o, Agronomia, Engenharia Agr\u00edcola, Engenharia Florestal, Medicina Veterin\u00e1ria e Zootecnia, tamb\u00e9m tem o objetivo de estimular a consci\u00eancia social de todos os membros.<\/p>\n<h5><strong>Texto: Camila Caetano \u2013 jornalista\/ bolsista UFLA, com a colabora\u00e7\u00e3o de Marina Chaves \u2013 bolsista Proat\/ASCOM <\/strong><\/h5>\n<p><strong>\u00a0<\/strong><\/p>\n","protected":false},"excerpt":{"rendered":"<p>&nbsp; A Incubadora Tecnol\u00f3gica de Cooperativas Populares (Incubacoop) e a Terra J\u00fanior realizar\u00e3o, no pr\u00f3ximo s\u00e1bado (5\/3), o evento &#8220;Associa\u00e7\u00e3o na Pra\u00e7a&#8220;. A a\u00e7\u00e3o \u00e9 voltada para a conscientiza\u00e7\u00e3o dos moradores do bairro Campestre III com rela\u00e7\u00e3o \u00e0 preserva\u00e7\u00e3o ambiental atrav\u00e9s da metodologia dos 3R&#8217;s: reciclagem, reutiliza\u00e7\u00e3o e redu\u00e7\u00e3o. O evento ser\u00e1 realizado das 8h &hellip; <a href=\"https:\/\/www.ufla.br\/dcom\/2016\/03\/03\/incubacoop-e-terra-junior-realizarao-evento-social-no-bairro-campestre-iii-no-proximo-sabado\/\" class=\"more-link\">Continue lendo <span class=\"screen-reader-text\">Incubacoop e Terra J\u00fanior realizar\u00e3o evento social no bairro Campestre III no pr\u00f3ximo s\u00e1bado<\/span> <span class=\"meta-nav\">&rarr;<\/span><\/a><\/p>\n","protected":false},"author":11,"featured_media":0,"comment_status":"closed","ping_status":"closed","sticky":false,"template":"","format":"standard","meta":{"ngg_post_thumbnail":0,"footnotes":""},"categories":[1],"tags":[],"class_list":["post-108292","post","type-post","status-publish","format-standard","hentry","category-noticias"],"_links":{"self":[{"href":"https:\/\/www.ufla.br\/dcom\/wp-json\/wp\/v2\/posts\/108292","targetHints":{"allow":["GET"]}}],"collection":[{"href":"https:\/\/www.ufla.br\/dcom\/wp-json\/wp\/v2\/posts"}],"about":[{"href":"https:\/\/www.ufla.br\/dcom\/wp-json\/wp\/v2\/types\/post"}],"author":[{"embeddable":true,"href":"https:\/\/www.ufla.br\/dcom\/wp-json\/wp\/v2\/users\/11"}],"replies":[{"embeddable":true,"href":"https:\/\/www.ufla.br\/dcom\/wp-json\/wp\/v2\/comments?post=108292"}],"version-history":[{"count":1,"href":"https:\/\/www.ufla.br\/dcom\/wp-json\/wp\/v2\/posts\/108292\/revisions"}],"predecessor-version":[{"id":108294,"href":"https:\/\/www.ufla.br\/dcom\/wp-json\/wp\/v2\/posts\/108292\/revisions\/108294"}],"wp:attachment":[{"href":"https:\/\/www.ufla.br\/dcom\/wp-json\/wp\/v2\/media?parent=108292"}],"wp:term":[{"taxonomy":"category","embeddable":true,"href":"https:\/\/www.ufla.br\/dcom\/wp-json\/wp\/v2\/categories?post=108292"},{"taxonomy":"post_tag","embeddable":true,"href":"https:\/\/www.ufla.br\/dcom\/wp-json\/wp\/v2\/tags?post=108292"}],"curies":[{"name":"wp","href":"https:\/\/api.w.org\/{rel}","templated":true}]}}