{"id":108289,"date":"2016-03-03T17:58:54","date_gmt":"2016-03-03T20:58:54","guid":{"rendered":"http:\/\/www.ufla.br\/ascom\/?p=108289"},"modified":"2016-03-07T18:48:21","modified_gmt":"2016-03-07T21:48:21","slug":"xi-gym-fest-espetaculo-de-movimentos-e-acrobacias-sera-realizado-na-ufla","status":"publish","type":"post","link":"https:\/\/www.ufla.br\/dcom\/2016\/03\/03\/xi-gym-fest-espetaculo-de-movimentos-e-acrobacias-sera-realizado-na-ufla\/","title":{"rendered":"XI Gym Fest: espet\u00e1culo de movimentos e acrobacias ser\u00e1 realizado na UFLA"},"content":{"rendered":"<p><a href=\"http:\/\/www.ufla.br\/ascom\/wp-content\/uploads\/2016\/03\/Gym-Fest.jpg\"><img loading=\"lazy\" decoding=\"async\" class=\"aligncenter size-large wp-image-108290\" src=\"http:\/\/www.ufla.br\/ascom\/wp-content\/uploads\/2016\/03\/Gym-Fest-612x425.jpg\" alt=\"Gym Fest\" width=\"612\" height=\"425\" srcset=\"https:\/\/www.ufla.br\/dcom\/wp-content\/uploads\/2016\/03\/Gym-Fest-612x425.jpg 612w, https:\/\/www.ufla.br\/dcom\/wp-content\/uploads\/2016\/03\/Gym-Fest-249x173.jpg 249w, https:\/\/www.ufla.br\/dcom\/wp-content\/uploads\/2016\/03\/Gym-Fest.jpg 757w\" sizes=\"auto, (max-width: 612px) 100vw, 612px\" \/><\/a><\/p>\n<p>Como desfecho das disciplinas de gin\u00e1stica aer\u00f3bica do Departamento de Educa\u00e7\u00e3o F\u00edsica da Universidade Federal de Lavras (DEF\/UFLA), os discentes tradicionalmente realizam a Gym Fest. Neste semestre, o evento chega \u00e0 sua d\u00e9cima primeira edi\u00e7\u00e3o, e ser\u00e1 realizado no dia 9\/3, \u00e0s 19h30, no Gin\u00e1sio Poliesportivo da UFLA. A entrada \u00e9 franca.<\/p>\n<p>O primeiro Gym Fest foi realizado em 2010, com a participa\u00e7\u00e3o de atletas do projeto de gin\u00e1stica da UFLA, coordenado pelo professor Luiz Henrique. Durante o semestre, os alunos matriculados organizaram coreografias com movimentos de gin\u00e1stica e coordenaram crian\u00e7as e adolescentes participantes do projeto.<\/p>\n<p>Nesta edi\u00e7\u00e3o, o festival ser\u00e1 realizado pelos alunos das disciplinas de esportes individuais III e aprofundamento em esportes individuais III. A apresenta\u00e7\u00e3o contar\u00e1 com a participa\u00e7\u00e3o das crian\u00e7as e estudantes de col\u00e9gios de Lavras e regi\u00e3o que participam do projeto.<\/p>\n<h5>Texto: Camila Caetano \u2013 jornalista\/ bolsista UFLA, com a colabora\u00e7\u00e3o de Fernanda Rafaela, bolsista Proat\/ASCOM<\/h5>\n<p>&nbsp;<\/p>\n","protected":false},"excerpt":{"rendered":"<p>Como desfecho das disciplinas de gin\u00e1stica aer\u00f3bica do Departamento de Educa\u00e7\u00e3o F\u00edsica da Universidade Federal de Lavras (DEF\/UFLA), os discentes tradicionalmente realizam a Gym Fest. Neste semestre, o evento chega \u00e0 sua d\u00e9cima primeira edi\u00e7\u00e3o, e ser\u00e1 realizado no dia 9\/3, \u00e0s 19h30, no Gin\u00e1sio Poliesportivo da UFLA. A entrada \u00e9 franca. O primeiro Gym &hellip; <a href=\"https:\/\/www.ufla.br\/dcom\/2016\/03\/03\/xi-gym-fest-espetaculo-de-movimentos-e-acrobacias-sera-realizado-na-ufla\/\" class=\"more-link\">Continue lendo <span class=\"screen-reader-text\">XI Gym Fest: espet\u00e1culo de movimentos e acrobacias ser\u00e1 realizado na UFLA<\/span> <span class=\"meta-nav\">&rarr;<\/span><\/a><\/p>\n","protected":false},"author":9,"featured_media":0,"comment_status":"closed","ping_status":"closed","sticky":false,"template":"","format":"standard","meta":{"ngg_post_thumbnail":0,"footnotes":""},"categories":[1,10],"tags":[],"class_list":["post-108289","post","type-post","status-publish","format-standard","hentry","category-noticias","category-menores"],"_links":{"self":[{"href":"https:\/\/www.ufla.br\/dcom\/wp-json\/wp\/v2\/posts\/108289","targetHints":{"allow":["GET"]}}],"collection":[{"href":"https:\/\/www.ufla.br\/dcom\/wp-json\/wp\/v2\/posts"}],"about":[{"href":"https:\/\/www.ufla.br\/dcom\/wp-json\/wp\/v2\/types\/post"}],"author":[{"embeddable":true,"href":"https:\/\/www.ufla.br\/dcom\/wp-json\/wp\/v2\/users\/9"}],"replies":[{"embeddable":true,"href":"https:\/\/www.ufla.br\/dcom\/wp-json\/wp\/v2\/comments?post=108289"}],"version-history":[{"count":1,"href":"https:\/\/www.ufla.br\/dcom\/wp-json\/wp\/v2\/posts\/108289\/revisions"}],"predecessor-version":[{"id":108291,"href":"https:\/\/www.ufla.br\/dcom\/wp-json\/wp\/v2\/posts\/108289\/revisions\/108291"}],"wp:attachment":[{"href":"https:\/\/www.ufla.br\/dcom\/wp-json\/wp\/v2\/media?parent=108289"}],"wp:term":[{"taxonomy":"category","embeddable":true,"href":"https:\/\/www.ufla.br\/dcom\/wp-json\/wp\/v2\/categories?post=108289"},{"taxonomy":"post_tag","embeddable":true,"href":"https:\/\/www.ufla.br\/dcom\/wp-json\/wp\/v2\/tags?post=108289"}],"curies":[{"name":"wp","href":"https:\/\/api.w.org\/{rel}","templated":true}]}}