{"id":108276,"date":"2016-03-03T15:13:01","date_gmt":"2016-03-03T18:13:01","guid":{"rendered":"http:\/\/www.ufla.br\/ascom\/?p=108276"},"modified":"2016-03-07T18:48:28","modified_gmt":"2016-03-07T21:48:28","slug":"10-minutos-contra-a-dengue-ufla-mantem-acoes-de-combate-ao-mosquito-aedes-aegypti","status":"publish","type":"post","link":"https:\/\/www.ufla.br\/dcom\/2016\/03\/03\/10-minutos-contra-a-dengue-ufla-mantem-acoes-de-combate-ao-mosquito-aedes-aegypti\/","title":{"rendered":"10 minutos contra a Dengue: UFLA mant\u00e9m a\u00e7\u00f5es de combate ao mosquito Aedes aegypti"},"content":{"rendered":"<figure id=\"attachment_108278\" aria-describedby=\"caption-attachment-108278\" style=\"width: 612px\" class=\"wp-caption aligncenter\"><a href=\"http:\/\/www.ufla.br\/ascom\/wp-content\/uploads\/2016\/03\/dengue.jpg\"><img loading=\"lazy\" decoding=\"async\" class=\"wp-image-108278 size-large\" src=\"http:\/\/www.ufla.br\/ascom\/wp-content\/uploads\/2016\/03\/dengue-612x344.jpg\" alt=\"dengue\" width=\"612\" height=\"344\" srcset=\"https:\/\/www.ufla.br\/dcom\/wp-content\/uploads\/2016\/03\/dengue-612x344.jpg 612w, https:\/\/www.ufla.br\/dcom\/wp-content\/uploads\/2016\/03\/dengue-249x140.jpg 249w\" sizes=\"auto, (max-width: 612px) 100vw, 612px\" \/><\/a><figcaption id=\"caption-attachment-108278\" class=\"wp-caption-text\">O professor Greg\u00f3rio Guimar\u00e3es com a turma de Anatomia Veterin\u00e1ria: varredura sistem\u00e1tica no c\u00e2mpus<\/figcaption><\/figure>\n<p><strong><em>Uma semana tem mais de dez mil minutos. Que tal usar apenas 10 para afastar o perigo da dengue?<\/em><\/strong><\/p>\n<p>Essa \u00e9 a proposta da iniciativa\u00a0<strong>10\u00a0Minutos Contra a Dengue<\/strong>. \u00a0Idealizada com base no conhecimento cient\u00edfico dos pesquisadores do Instituto Oswaldo Cruz (IOC\/Fiocruz), o projeto \u00e9 inspirado em uma estrat\u00e9gia de controle do\u00a0<em>Aedes aegypti<\/em>\u00a0adotada em Cingapura, que foi capaz de interromper o pico de epidemia no pa\u00eds com a\u00e7\u00f5es semanais da popula\u00e7\u00e3o dentro de suas resid\u00eancias, de apenas 10 minutos, para limpeza dos principais criadouros do\u00a0<em>A. aegypti<\/em>.<\/p>\n<p>Na UFLA, a Coordenadoria de Preven\u00e7\u00e3o de Endemias, vinculada \u00e0 Diretoria de Meio Ambiente (Cope\/DMA) adotou a iniciativa 10 Minutos Contra a Dengue, com o incentivo do Minist\u00e9rio da Educa\u00e7\u00e3o (MEC). A a\u00e7\u00e3o teve in\u00edcio no dia 19\/2, quando a UFLA participou da Mobiliza\u00e7\u00e3o Nacional da Educa\u00e7\u00e3o para o combate ao mosquito\u00a0<em>Aedes aegypti.\u00a0<\/em>Na UFLA, toda sexta-feira,\u00a0no per\u00edodo de 8 \u00e0s 10 horas, a a\u00e7\u00e3o \u00e9 realizada nos departamentos e setores, sob a coordena\u00e7\u00e3o de servidores.<\/p>\n<p>Agindo uma vez por semana na limpeza de criadouros, a comunidade pode interferir no desenvolvimento do mosquito vetor, j\u00e1 que seu ciclo de vida, do ovo ao mosquito adulto, leva de 7 a 10 dias. Com uma a\u00e7\u00e3o semanal, \u00e9 poss\u00edvel impedir que ovos, larvas e pupas do mosquito cheguem \u00e0 fase adulta, freando a transmiss\u00e3o da doen\u00e7a.<\/p>\n<figure id=\"attachment_108277\" aria-describedby=\"caption-attachment-108277\" style=\"width: 249px\" class=\"wp-caption alignright\"><a href=\"http:\/\/www.ufla.br\/ascom\/wp-content\/uploads\/2016\/03\/dengue_10-min.jpg\"><img loading=\"lazy\" decoding=\"async\" class=\"wp-image-108277 size-medium\" src=\"http:\/\/www.ufla.br\/ascom\/wp-content\/uploads\/2016\/03\/dengue_10-min-249x249.jpg\" alt=\"dengue_10-min\" width=\"249\" height=\"249\" srcset=\"https:\/\/www.ufla.br\/dcom\/wp-content\/uploads\/2016\/03\/dengue_10-min-249x249.jpg 249w, https:\/\/www.ufla.br\/dcom\/wp-content\/uploads\/2016\/03\/dengue_10-min-150x150.jpg 150w, https:\/\/www.ufla.br\/dcom\/wp-content\/uploads\/2016\/03\/dengue_10-min.jpg 550w\" sizes=\"auto, (max-width: 249px) 100vw, 249px\" \/><\/a><figcaption id=\"caption-attachment-108277\" class=\"wp-caption-text\">Campanha elaborada pelo Instituto Oswaldo Cruz (IOC\/Fiocruz)<\/figcaption><\/figure>\n<p>No Departamento de Medicina Veterin\u00e1ria (DMV\/UFLA), o professor Greg\u00f3rio Guimar\u00e3es, com o apoio da turma de Anatomia Veterin\u00e1ria, realizam uma varredura semanalmente nas depend\u00eancias do departamento. Em equipe, a a\u00e7\u00e3o requer apenas 10 minutos para eliminar potenciais criadouros.<\/p>\n<p>No Departamento de Ci\u00eancias da Computa\u00e7\u00e3o (DCC\/UFLA), a coordena\u00e7\u00e3o da campanha ficou sob a responsabilidade do servidor Alex Fernandes de Ara\u00fajo, que tem inovado em suas a\u00e7\u00f5es. Al\u00e9m de incentivar a manuten\u00e7\u00e3o do Departamento livre de poss\u00edveis focos do mosquito, ele tem divulgado charges da campanha, feitas por ele mesmo, para chamar a aten\u00e7\u00e3o de toda a comunidade da UFLA. \u201cA ideia dos desenhos foi justamente extrapolar o Departamento, para que a ideia chegasse a todas as pessoas da Universidade\u201d, comentou.<\/p>\n<p>A mobiliza\u00e7\u00e3o continua com a participa\u00e7\u00e3o de estudantes de gradua\u00e7\u00e3o e p\u00f3s-gradua\u00e7\u00e3o, al\u00e9m de docentes e servidores, para a realiza\u00e7\u00e3o de varreduras sistem\u00e1ticas em busca de poss\u00edveis focos e elimina\u00e7\u00e3o. As a\u00e7\u00f5es tamb\u00e9m s\u00e3o realizadas fora do c\u00e2mpus, com palestras e distribui\u00e7\u00e3o de material informativo em escolas de Lavras.<\/p>\n<p>Vale ressaltar que, na UFLA, as atividades de monitoramento e avalia\u00e7\u00e3o espa\u00e7o-temporal do vetor A<em>edes aegypti<\/em>, por meio de armadilhas de oviposi\u00e7\u00e3o (ovitrampas), vem sendo realizadas desde 2011. O programa sistem\u00e1tico de controle e combate ao\u00a0<em>Aedes aegypti<\/em>\u00a0\u00e9 uma das a\u00e7\u00f5es do Plano Ambiental e Estruturante.<\/p>\n<p><a href=\"http:\/\/www.ufla.br\/ascom\/wp-content\/uploads\/2016\/03\/charge2.jpg\"><img loading=\"lazy\" decoding=\"async\" class=\"aligncenter wp-image-108283 size-large\" src=\"http:\/\/www.ufla.br\/ascom\/wp-content\/uploads\/2016\/03\/charge2-612x431.jpg\" alt=\"charge2\" width=\"612\" height=\"431\" srcset=\"https:\/\/www.ufla.br\/dcom\/wp-content\/uploads\/2016\/03\/charge2-612x431.jpg 612w, https:\/\/www.ufla.br\/dcom\/wp-content\/uploads\/2016\/03\/charge2-249x175.jpg 249w, https:\/\/www.ufla.br\/dcom\/wp-content\/uploads\/2016\/03\/charge2.jpg 958w\" sizes=\"auto, (max-width: 612px) 100vw, 612px\" \/><\/a><\/p>\n<figure id=\"attachment_108281\" aria-describedby=\"caption-attachment-108281\" style=\"width: 612px\" class=\"wp-caption aligncenter\"><a href=\"http:\/\/www.ufla.br\/ascom\/wp-content\/uploads\/2016\/03\/charge-dengue.png\"><img loading=\"lazy\" decoding=\"async\" class=\"wp-image-108281 size-large\" src=\"http:\/\/www.ufla.br\/ascom\/wp-content\/uploads\/2016\/03\/charge-dengue-612x429.png\" alt=\"charge-dengue\" width=\"612\" height=\"429\" srcset=\"https:\/\/www.ufla.br\/dcom\/wp-content\/uploads\/2016\/03\/charge-dengue-612x429.png 612w, https:\/\/www.ufla.br\/dcom\/wp-content\/uploads\/2016\/03\/charge-dengue-249x175.png 249w\" sizes=\"auto, (max-width: 612px) 100vw, 612px\" \/><\/a><figcaption id=\"caption-attachment-108281\" class=\"wp-caption-text\">Charges criadas pelo servidor Alex Ara\u00fajo, coordenador da campanha 10 Minutos Contra a Dengue &#8211; no DCC<\/figcaption><\/figure>\n<p>&nbsp;<\/p>\n","protected":false},"excerpt":{"rendered":"<p>Uma semana tem mais de dez mil minutos. Que tal usar apenas 10 para afastar o perigo da dengue? Essa \u00e9 a proposta da iniciativa\u00a010\u00a0Minutos Contra a Dengue. \u00a0Idealizada com base no conhecimento cient\u00edfico dos pesquisadores do Instituto Oswaldo Cruz (IOC\/Fiocruz), o projeto \u00e9 inspirado em uma estrat\u00e9gia de controle do\u00a0Aedes aegypti\u00a0adotada em Cingapura, que &hellip; <a href=\"https:\/\/www.ufla.br\/dcom\/2016\/03\/03\/10-minutos-contra-a-dengue-ufla-mantem-acoes-de-combate-ao-mosquito-aedes-aegypti\/\" class=\"more-link\">Continue lendo <span class=\"screen-reader-text\">10 minutos contra a Dengue: UFLA mant\u00e9m a\u00e7\u00f5es de combate ao mosquito Aedes aegypti<\/span> <span class=\"meta-nav\">&rarr;<\/span><\/a><\/p>\n","protected":false},"author":6,"featured_media":0,"comment_status":"closed","ping_status":"closed","sticky":false,"template":"","format":"standard","meta":{"ngg_post_thumbnail":0,"footnotes":""},"categories":[1,10],"tags":[844,1742,1741],"class_list":["post-108276","post","type-post","status-publish","format-standard","hentry","category-noticias","category-menores","tag-dengue","tag-mosquito","tag-zika"],"_links":{"self":[{"href":"https:\/\/www.ufla.br\/dcom\/wp-json\/wp\/v2\/posts\/108276","targetHints":{"allow":["GET"]}}],"collection":[{"href":"https:\/\/www.ufla.br\/dcom\/wp-json\/wp\/v2\/posts"}],"about":[{"href":"https:\/\/www.ufla.br\/dcom\/wp-json\/wp\/v2\/types\/post"}],"author":[{"embeddable":true,"href":"https:\/\/www.ufla.br\/dcom\/wp-json\/wp\/v2\/users\/6"}],"replies":[{"embeddable":true,"href":"https:\/\/www.ufla.br\/dcom\/wp-json\/wp\/v2\/comments?post=108276"}],"version-history":[{"count":6,"href":"https:\/\/www.ufla.br\/dcom\/wp-json\/wp\/v2\/posts\/108276\/revisions"}],"predecessor-version":[{"id":108286,"href":"https:\/\/www.ufla.br\/dcom\/wp-json\/wp\/v2\/posts\/108276\/revisions\/108286"}],"wp:attachment":[{"href":"https:\/\/www.ufla.br\/dcom\/wp-json\/wp\/v2\/media?parent=108276"}],"wp:term":[{"taxonomy":"category","embeddable":true,"href":"https:\/\/www.ufla.br\/dcom\/wp-json\/wp\/v2\/categories?post=108276"},{"taxonomy":"post_tag","embeddable":true,"href":"https:\/\/www.ufla.br\/dcom\/wp-json\/wp\/v2\/tags?post=108276"}],"curies":[{"name":"wp","href":"https:\/\/api.w.org\/{rel}","templated":true}]}}