{"id":108267,"date":"2016-03-03T11:15:17","date_gmt":"2016-03-03T14:15:17","guid":{"rendered":"http:\/\/www.ufla.br\/ascom\/?p=108267"},"modified":"2016-03-07T18:48:42","modified_gmt":"2016-03-07T21:48:42","slug":"fundacao-grupo-boticario-divulga-edital-de-apoio-a-projetos-para-conservacao-da-natureza","status":"publish","type":"post","link":"https:\/\/www.ufla.br\/dcom\/2016\/03\/03\/fundacao-grupo-boticario-divulga-edital-de-apoio-a-projetos-para-conservacao-da-natureza\/","title":{"rendered":"Funda\u00e7\u00e3o Grupo Botic\u00e1rio divulga edital de apoio a projetos para conserva\u00e7\u00e3o da natureza"},"content":{"rendered":"<figure id=\"attachment_108269\" aria-describedby=\"caption-attachment-108269\" style=\"width: 249px\" class=\"wp-caption alignleft\"><a href=\"http:\/\/www.ufla.br\/ascom\/wp-content\/uploads\/2016\/03\/boticario.jpg\"><img loading=\"lazy\" decoding=\"async\" class=\"size-medium wp-image-108269\" src=\"http:\/\/www.ufla.br\/ascom\/wp-content\/uploads\/2016\/03\/boticario-249x158.jpg\" alt=\"Divulga\u00e7\u00e3o: foto Haroldo Palo Jr\" width=\"249\" height=\"158\" srcset=\"https:\/\/www.ufla.br\/dcom\/wp-content\/uploads\/2016\/03\/boticario-249x158.jpg 249w, https:\/\/www.ufla.br\/dcom\/wp-content\/uploads\/2016\/03\/boticario.jpg 467w\" sizes=\"auto, (max-width: 249px) 100vw, 249px\" \/><\/a><figcaption id=\"caption-attachment-108269\" class=\"wp-caption-text\">Divulga\u00e7\u00e3o: foto Haroldo Palo Jr<\/figcaption><\/figure>\n<p>Qualquer projeto que tenha por objetivo contribuir para a conserva\u00e7\u00e3o da natureza em todas as regi\u00f5es do Brasil pode ser inscrito no Edital de Apoio a Projetos da Funda\u00e7\u00e3o Grupo Botic\u00e1rio de Prote\u00e7\u00e3o \u00e0 Natureza.<\/p>\n<p>As inscri\u00e7\u00f5es est\u00e3o abertas at\u00e9 31 de mar\u00e7o e a submiss\u00e3o das propostas \u00e9 realizada exclusivamente pelo site <a href=\"http:\/\/www.fundacaogrupoboticario.org.br\/\">www.fundacaogrupoboticario.org.br<\/a>. Para concorrer ao apoio, \u00e9 preciso que a iniciativa seja realizada por institui\u00e7\u00f5es privadas sem fins lucrativos, como funda\u00e7\u00f5es ligadas a universidades e organiza\u00e7\u00f5es n\u00e3o governamentais.<\/p>\n<p>No Edital do primeiro semestre de 2016, ser\u00e3o apoiadas as seguintes linhas tem\u00e1ticas:<\/p>\n<p>1. Unidades de Conserva\u00e7\u00e3o de Prote\u00e7\u00e3o Integral e RPPNs: cria\u00e7\u00e3o e amplia\u00e7\u00e3o de UCs e execu\u00e7\u00e3o de seus Planos de Manejo;<br \/>\n2. Esp\u00e9cies Amea\u00e7adas: execu\u00e7\u00e3o de Planos de A\u00e7\u00e3o Nacionais (PAN), a\u00e7\u00f5es emergenciais para prote\u00e7\u00e3o e defini\u00e7\u00e3o de status de amea\u00e7a de esp\u00e9cies nativas;<br \/>\n3. Ambientes Marinhos: estudos, prote\u00e7\u00e3o e redu\u00e7\u00e3o das press\u00f5es sobre a biodiversidade marinha.<\/p>\n<p>O apoio a projetos foi a primeira iniciativa da Funda\u00e7\u00e3o Grupo Botic\u00e1rio e vem apresentando resultados positivos para a conserva\u00e7\u00e3o h\u00e1 mais de duas d\u00e9cadas. Ao todo, a Funda\u00e7\u00e3o Grupo Botic\u00e1rio j\u00e1 apoiou 1.457\u00a0iniciativas de 488\u00a0institui\u00e7\u00f5es de todo o pa\u00eds. A partir desses projetos, 131\u00a0novas esp\u00e9cies foram descritas, 240 esp\u00e9cies amea\u00e7adas de extin\u00e7\u00e3o foram estudadas e 487\u00a0unidades de conserva\u00e7\u00e3o foram beneficiadas, resultando em impactos concretos para a prote\u00e7\u00e3o da biodiversidade.<\/p>\n<p><a href=\"http:\/\/www.ufla.br\/ascom\/wp-content\/uploads\/2016\/03\/Edital_Doc_Geral_20161.pdf\">Confira o Edital <\/a><\/p>\n","protected":false},"excerpt":{"rendered":"<p>Qualquer projeto que tenha por objetivo contribuir para a conserva\u00e7\u00e3o da natureza em todas as regi\u00f5es do Brasil pode ser inscrito no Edital de Apoio a Projetos da Funda\u00e7\u00e3o Grupo Botic\u00e1rio de Prote\u00e7\u00e3o \u00e0 Natureza. As inscri\u00e7\u00f5es est\u00e3o abertas at\u00e9 31 de mar\u00e7o e a submiss\u00e3o das propostas \u00e9 realizada exclusivamente pelo site www.fundacaogrupoboticario.org.br. Para &hellip; <a href=\"https:\/\/www.ufla.br\/dcom\/2016\/03\/03\/fundacao-grupo-boticario-divulga-edital-de-apoio-a-projetos-para-conservacao-da-natureza\/\" class=\"more-link\">Continue lendo <span class=\"screen-reader-text\">Funda\u00e7\u00e3o Grupo Botic\u00e1rio divulga edital de apoio a projetos para conserva\u00e7\u00e3o da natureza<\/span> <span class=\"meta-nav\">&rarr;<\/span><\/a><\/p>\n","protected":false},"author":6,"featured_media":0,"comment_status":"closed","ping_status":"closed","sticky":false,"template":"","format":"standard","meta":{"ngg_post_thumbnail":0,"footnotes":""},"categories":[1,10],"tags":[],"class_list":["post-108267","post","type-post","status-publish","format-standard","hentry","category-noticias","category-menores"],"_links":{"self":[{"href":"https:\/\/www.ufla.br\/dcom\/wp-json\/wp\/v2\/posts\/108267","targetHints":{"allow":["GET"]}}],"collection":[{"href":"https:\/\/www.ufla.br\/dcom\/wp-json\/wp\/v2\/posts"}],"about":[{"href":"https:\/\/www.ufla.br\/dcom\/wp-json\/wp\/v2\/types\/post"}],"author":[{"embeddable":true,"href":"https:\/\/www.ufla.br\/dcom\/wp-json\/wp\/v2\/users\/6"}],"replies":[{"embeddable":true,"href":"https:\/\/www.ufla.br\/dcom\/wp-json\/wp\/v2\/comments?post=108267"}],"version-history":[{"count":2,"href":"https:\/\/www.ufla.br\/dcom\/wp-json\/wp\/v2\/posts\/108267\/revisions"}],"predecessor-version":[{"id":108287,"href":"https:\/\/www.ufla.br\/dcom\/wp-json\/wp\/v2\/posts\/108267\/revisions\/108287"}],"wp:attachment":[{"href":"https:\/\/www.ufla.br\/dcom\/wp-json\/wp\/v2\/media?parent=108267"}],"wp:term":[{"taxonomy":"category","embeddable":true,"href":"https:\/\/www.ufla.br\/dcom\/wp-json\/wp\/v2\/categories?post=108267"},{"taxonomy":"post_tag","embeddable":true,"href":"https:\/\/www.ufla.br\/dcom\/wp-json\/wp\/v2\/tags?post=108267"}],"curies":[{"name":"wp","href":"https:\/\/api.w.org\/{rel}","templated":true}]}}