{"id":108017,"date":"2016-02-23T10:38:01","date_gmt":"2016-02-23T13:38:01","guid":{"rendered":"http:\/\/www.ufla.br\/ascom\/?p=108017"},"modified":"2016-03-04T17:28:25","modified_gmt":"2016-03-04T20:28:25","slug":"programa-institucional-de-bolsas-seleciona-bolsistas-de-ampla-concorrencia","status":"publish","type":"post","link":"https:\/\/www.ufla.br\/dcom\/2016\/02\/23\/programa-institucional-de-bolsas-seleciona-bolsistas-de-ampla-concorrencia\/","title":{"rendered":"Programa Institucional de Bolsas seleciona bolsistas de Ampla Concorr\u00eancia"},"content":{"rendered":"<p><a href=\"http:\/\/www.ufla.br\/ascom\/wp-content\/uploads\/2014\/07\/programa-institucional-bolsas.jpg\"><img loading=\"lazy\" decoding=\"async\" class=\"alignleft size-medium wp-image-40723\" src=\"http:\/\/www.ufla.br\/ascom\/wp-content\/uploads\/2014\/07\/programa-institucional-bolsas-249x162.jpg\" alt=\"Foto a\u00e9rea do campus da UFLA com os dizeres: programa institucional de bolsas\" width=\"249\" height=\"162\" srcset=\"https:\/\/www.ufla.br\/dcom\/wp-content\/uploads\/2014\/07\/programa-institucional-bolsas-249x162.jpg 249w, https:\/\/www.ufla.br\/dcom\/wp-content\/uploads\/2014\/07\/programa-institucional-bolsas-612x399.jpg 612w, https:\/\/www.ufla.br\/dcom\/wp-content\/uploads\/2014\/07\/programa-institucional-bolsas.jpg 900w\" sizes=\"auto, (max-width: 249px) 100vw, 249px\" \/><\/a>At\u00e9 o dia 26 de fevereiro, estudantes dos cursos de gradua\u00e7\u00e3o presenciais da UFLA poder\u00e3o se inscrever para concorrer a bolsas de Ampla Concorr\u00eancia do Programa Institucional de Bolsas.\u00a0As oportunidades s\u00e3o oferecidas por editais das Pr\u00f3-Reitorias de Gradua\u00e7\u00e3o (PRG) e de Extens\u00e3o e Cultura (Proec). A sele\u00e7\u00e3o, em qualquer um dos casos, ser\u00e1 feita por meio de an\u00e1lise do desempenho acad\u00eamico e entrevista. As entrevistas ser\u00e3o realizadas entre 29\/2 e 4\/3\/2016, em locais divulgados no site <a href=\"http:\/\/www.prg.ufla.br\">www.prg.ufla.br<\/a> ou <a href=\"http:\/\/www.proec.ufla.br\">www.proec.ufla.br<\/a>.<\/p>\n<p>As vagas da PRG comp\u00f5em o conjunto de quatro\u00a0programas: o Programa de Aprendizado T\u00e9cnico (Proat); o Programa de Apoio \u00e0 Produ\u00e7\u00e3o de Material Did\u00e1tico (Promad); o Programa de Educa\u00e7\u00e3o Tutorial Institucional (Peti); e o Programa de Mentoria para Calouros (Promec). J\u00e1 o edital divulgado pela Proec destina-se aos estudantes interessados em concorrer \u00e0s vagas para habilidades espec\u00edficas dos Programas de Extens\u00e3o Universit\u00e1ria.<\/p>\n<p>O procedimento de inscri\u00e7\u00e3o inclui a entrega, na PRG ou na Proec, dos\u00a0documentos exigidos nos respectivos editais. O bolsista dever\u00e1 dedicar 12 horas semanais de exerc\u00edcio e far\u00e1 jus a uma remunera\u00e7\u00e3o de R$300,00 mensais. A vig\u00eancia da bolsa \u00e9 de um ano, com in\u00edcio em 1\u00ba de abril de 2016.<\/p>\n<p><a href=\"http:\/\/www.prg.ufla.br\/site\/2016\/02\/19\/selecao-de-bolsistas-de-ampla-concorrencia-programa-de-bolsas-institucionais\/\">Acesse os editais &#8211;\u00a0PRG<\/a><\/p>\n<p><a href=\"http:\/\/www.proec.ufla.br\/site\/2016\/02\/19\/programa-institucional-de-bolsa-de-extensao-cultura-e-esporte-edital-012016\/\">Acesse o edital &#8211;\u00a0Proec<\/a><\/p>\n<p>&nbsp;<\/p>\n","protected":false},"excerpt":{"rendered":"<p>At\u00e9 o dia 26 de fevereiro, estudantes dos cursos de gradua\u00e7\u00e3o presenciais da UFLA poder\u00e3o se inscrever para concorrer a bolsas de Ampla Concorr\u00eancia do Programa Institucional de Bolsas. As oportunidades s\u00e3o oferecidas (&#8230;)<\/p>\n","protected":false},"author":8,"featured_media":0,"comment_status":"closed","ping_status":"closed","sticky":false,"template":"","format":"standard","meta":{"ngg_post_thumbnail":0,"footnotes":""},"categories":[1],"tags":[1729,1074,934],"class_list":["post-108017","post","type-post","status-publish","format-standard","hentry","category-noticias","tag-pib","tag-pib-ufla","tag-programa-institucional-de-bolsas"],"_links":{"self":[{"href":"https:\/\/www.ufla.br\/dcom\/wp-json\/wp\/v2\/posts\/108017","targetHints":{"allow":["GET"]}}],"collection":[{"href":"https:\/\/www.ufla.br\/dcom\/wp-json\/wp\/v2\/posts"}],"about":[{"href":"https:\/\/www.ufla.br\/dcom\/wp-json\/wp\/v2\/types\/post"}],"author":[{"embeddable":true,"href":"https:\/\/www.ufla.br\/dcom\/wp-json\/wp\/v2\/users\/8"}],"replies":[{"embeddable":true,"href":"https:\/\/www.ufla.br\/dcom\/wp-json\/wp\/v2\/comments?post=108017"}],"version-history":[{"count":1,"href":"https:\/\/www.ufla.br\/dcom\/wp-json\/wp\/v2\/posts\/108017\/revisions"}],"predecessor-version":[{"id":108018,"href":"https:\/\/www.ufla.br\/dcom\/wp-json\/wp\/v2\/posts\/108017\/revisions\/108018"}],"wp:attachment":[{"href":"https:\/\/www.ufla.br\/dcom\/wp-json\/wp\/v2\/media?parent=108017"}],"wp:term":[{"taxonomy":"category","embeddable":true,"href":"https:\/\/www.ufla.br\/dcom\/wp-json\/wp\/v2\/categories?post=108017"},{"taxonomy":"post_tag","embeddable":true,"href":"https:\/\/www.ufla.br\/dcom\/wp-json\/wp\/v2\/tags?post=108017"}],"curies":[{"name":"wp","href":"https:\/\/api.w.org\/{rel}","templated":true}]}}