{"id":107892,"date":"2016-02-19T13:28:05","date_gmt":"2016-02-19T16:28:05","guid":{"rendered":"http:\/\/www.ufla.br\/ascom\/?p=107892"},"modified":"2016-02-23T16:45:48","modified_gmt":"2016-02-23T19:45:48","slug":"estudantes-de-disciplinas-do-den-participaram-de-visitas-tecnicas-em-piracicaba-sp","status":"publish","type":"post","link":"https:\/\/www.ufla.br\/dcom\/2016\/02\/19\/estudantes-de-disciplinas-do-den-participaram-de-visitas-tecnicas-em-piracicaba-sp\/","title":{"rendered":"Estudantes de disciplinas do DEN participaram de visitas t\u00e9cnicas em Piracicaba (SP)"},"content":{"rendered":"<figure id=\"attachment_107893\" aria-describedby=\"caption-attachment-107893\" style=\"width: 249px\" class=\"wp-caption alignright\"><a href=\"http:\/\/www.ufla.br\/ascom\/wp-content\/uploads\/2016\/02\/den-na-Esal.jpg\"><img loading=\"lazy\" decoding=\"async\" class=\"wp-image-107893 size-medium\" src=\"http:\/\/www.ufla.br\/ascom\/wp-content\/uploads\/2016\/02\/den-na-Esal-249x143.jpg\" alt=\"den-na-Esal\" width=\"249\" height=\"143\" srcset=\"https:\/\/www.ufla.br\/dcom\/wp-content\/uploads\/2016\/02\/den-na-Esal-249x143.jpg 249w, https:\/\/www.ufla.br\/dcom\/wp-content\/uploads\/2016\/02\/den-na-Esal-612x353.jpg 612w, https:\/\/www.ufla.br\/dcom\/wp-content\/uploads\/2016\/02\/den-na-Esal.jpg 1121w\" sizes=\"auto, (max-width: 249px) 100vw, 249px\" \/><\/a><figcaption id=\"caption-attachment-107893\" class=\"wp-caption-text\">Estudantes durante visita \u00e0 Esalq\/USP.<\/figcaption><\/figure>\n<p>Um grupo de 21 estudantes e duas professoras do Departamento de Entomologia da Universidade Federal de Lavras (DEN\/UFLA) foram a Piracicaba (SP) nessa quarta-feira (17\/2) para participar de visitas t\u00e9cnicas \u00e0 empresa <a href=\"http:\/\/koppert.com.br\/institucional\/a-koppert-no-brasil\/\">Koppert Biological Systems<\/a> e \u00e0 <a href=\"http:\/\/www4.esalq.usp.br\/\">Escola Superior de Agricultura Luiz de Queiroz<\/a> (Esalq\/USP).<\/p>\n<p>Os estudantes frequentam as disciplinas \u201cControle Biol\u00f3gico de Insetos\u201d e \u201cEcologia Qu\u00edmica de Insetos\u201d, ambas oferecidas pelo DEN e ministradas pelas professoras Rosangela Marucci e Maria Fernanda Gomes Villalba Pe\u00f1aflor, respectivamente. Elas acompanharam o grupo na viagem, que reuniu tanto\u00a0alunos da gradua\u00e7\u00e3o quanto\u00a0da p\u00f3s-gradua\u00e7\u00e3o. \u201cA experi\u00eancia foi excelente, contribuindo muito para a forma\u00e7\u00e3o dos alunos, para o aprimoramento do conhecimento em Entomologia e para a difus\u00e3o de conhecimento cient\u00edfico, al\u00e9m de colaborar para o estabelecimento\u00a0de futuras parcerias\u201d, explica Ros\u00e2ngela.<\/p>\n<figure id=\"attachment_107894\" aria-describedby=\"caption-attachment-107894\" style=\"width: 249px\" class=\"wp-caption alignleft\"><a href=\"http:\/\/www.ufla.br\/ascom\/wp-content\/uploads\/2016\/02\/den-na-empresa.jpg\"><img loading=\"lazy\" decoding=\"async\" class=\"wp-image-107894 size-medium\" src=\"http:\/\/www.ufla.br\/ascom\/wp-content\/uploads\/2016\/02\/den-na-empresa-249x154.jpg\" alt=\"O grupo da UFLA visitou tamb\u00e9 a \" width=\"249\" height=\"154\" srcset=\"https:\/\/www.ufla.br\/dcom\/wp-content\/uploads\/2016\/02\/den-na-empresa-249x154.jpg 249w, https:\/\/www.ufla.br\/dcom\/wp-content\/uploads\/2016\/02\/den-na-empresa-612x378.jpg 612w, https:\/\/www.ufla.br\/dcom\/wp-content\/uploads\/2016\/02\/den-na-empresa.jpg 1024w\" sizes=\"auto, (max-width: 249px) 100vw, 249px\" \/><\/a><figcaption id=\"caption-attachment-107894\" class=\"wp-caption-text\">O grupo da UFLA visitou tamb\u00e9m a\u00a0Koppert Biological Systems.<\/figcaption><\/figure>\n<p>A <em>Koppert Biological Systems<\/em> \u00e9 uma empresa que tem sede na Holanda e atua no ramo de comercializa\u00e7\u00e3o de agentes de controle biol\u00f3gico macro (insetos e \u00e1caros) e micro (fungos e v\u00edrus). A visita a suas instala\u00e7\u00f5es ocorreu no per\u00edodo da manh\u00e3, pela turma da disciplina de Controle Biol\u00f3gico de Insetos.<\/p>\n<p>No mesmo hor\u00e1rio, a turma da disciplina de Ecologia Qu\u00edmica de Insetos estava no setor de Ecologia Qu\u00edmica da Esalq\/USP. J\u00e1 no turno da tarde, o grupo ficou reunido para conhecer as linhas de pesquisa em desenvolvimento em laborat\u00f3rios do Departamento de Entomologia da Esalq, com \u00eanfase nas \u00e1reas de Controle Biol\u00f3gico e Ecologia Qu\u00edmica.<\/p>\n<p>&nbsp;<\/p>\n","protected":false},"excerpt":{"rendered":"<p>Um grupo de 21 estudantes e duas professoras do Departamento de Entomologia da Universidade Federal de Lavras (DEN\/UFLA) foram a Piracicaba (SP) nessa quarta-feira (17\/2) para participar de visitas t\u00e9cnicas \u00e0 empresa Koppert Biological Systems e \u00e0 Escola Superior de Agricultura Luiz de Queiroz (Esalq\/USP). Os estudantes frequentam as disciplinas \u201cControle Biol\u00f3gico de Insetos\u201d e &hellip; <a href=\"https:\/\/www.ufla.br\/dcom\/2016\/02\/19\/estudantes-de-disciplinas-do-den-participaram-de-visitas-tecnicas-em-piracicaba-sp\/\" class=\"more-link\">Continue lendo <span class=\"screen-reader-text\">Estudantes de disciplinas do DEN participaram de visitas t\u00e9cnicas em Piracicaba (SP)<\/span> <span class=\"meta-nav\">&rarr;<\/span><\/a><\/p>\n","protected":false},"author":13,"featured_media":0,"comment_status":"closed","ping_status":"closed","sticky":false,"template":"","format":"standard","meta":{"ngg_post_thumbnail":0,"footnotes":""},"categories":[1,10],"tags":[1727,1001,386],"class_list":["post-107892","post","type-post","status-publish","format-standard","hentry","category-noticias","category-menores","tag-controle-biologico","tag-den","tag-visita-tecnica"],"_links":{"self":[{"href":"https:\/\/www.ufla.br\/dcom\/wp-json\/wp\/v2\/posts\/107892","targetHints":{"allow":["GET"]}}],"collection":[{"href":"https:\/\/www.ufla.br\/dcom\/wp-json\/wp\/v2\/posts"}],"about":[{"href":"https:\/\/www.ufla.br\/dcom\/wp-json\/wp\/v2\/types\/post"}],"author":[{"embeddable":true,"href":"https:\/\/www.ufla.br\/dcom\/wp-json\/wp\/v2\/users\/13"}],"replies":[{"embeddable":true,"href":"https:\/\/www.ufla.br\/dcom\/wp-json\/wp\/v2\/comments?post=107892"}],"version-history":[{"count":6,"href":"https:\/\/www.ufla.br\/dcom\/wp-json\/wp\/v2\/posts\/107892\/revisions"}],"predecessor-version":[{"id":107928,"href":"https:\/\/www.ufla.br\/dcom\/wp-json\/wp\/v2\/posts\/107892\/revisions\/107928"}],"wp:attachment":[{"href":"https:\/\/www.ufla.br\/dcom\/wp-json\/wp\/v2\/media?parent=107892"}],"wp:term":[{"taxonomy":"category","embeddable":true,"href":"https:\/\/www.ufla.br\/dcom\/wp-json\/wp\/v2\/categories?post=107892"},{"taxonomy":"post_tag","embeddable":true,"href":"https:\/\/www.ufla.br\/dcom\/wp-json\/wp\/v2\/tags?post=107892"}],"curies":[{"name":"wp","href":"https:\/\/api.w.org\/{rel}","templated":true}]}}