{"id":107795,"date":"2016-02-17T14:01:22","date_gmt":"2016-02-17T17:01:22","guid":{"rendered":"http:\/\/www.ufla.br\/ascom\/?p=107795"},"modified":"2016-02-23T10:51:34","modified_gmt":"2016-02-23T13:51:34","slug":"2o-workshop-em-producao-e-tecnologia-de-sementes-sera-em-23-e-242","status":"publish","type":"post","link":"https:\/\/www.ufla.br\/dcom\/2016\/02\/17\/2o-workshop-em-producao-e-tecnologia-de-sementes-sera-em-23-e-242\/","title":{"rendered":"2\u00ba Workshop em Produ\u00e7\u00e3o e Tecnologia de Sementes ser\u00e1 realizado em 23 e 24\/2"},"content":{"rendered":"<p><a href=\"http:\/\/www.ufla.br\/ascom\/wp-content\/uploads\/2016\/02\/sementes.jpg\"><img loading=\"lazy\" decoding=\"async\" class=\"alignleft size-medium wp-image-107796\" src=\"http:\/\/www.ufla.br\/ascom\/wp-content\/uploads\/2016\/02\/sementes-190x249.jpg\" alt=\"sementes\" width=\"190\" height=\"249\" srcset=\"https:\/\/www.ufla.br\/dcom\/wp-content\/uploads\/2016\/02\/sementes-190x249.jpg 190w, https:\/\/www.ufla.br\/dcom\/wp-content\/uploads\/2016\/02\/sementes.jpg 541w\" sizes=\"auto, (max-width: 190px) 100vw, 190px\" \/><\/a>O N\u00facleo de Estudos em Sementes (Nesem) promover\u00e1 a segunda edi\u00e7\u00e3o do <strong>Workshop em Produ\u00e7\u00e3o e Tecnologia de Sementes<\/strong> nos dias 23 e 24 de fevereiro, no Sal\u00e3o de Conven\u00e7\u00f5es da UFLA*. Tratando de temas atuais concernentes ao melhoramento e biotecnologia, as palestras ser\u00e3o ministradas por docentes e pesquisadores da UFLA e importantes institui\u00e7\u00f5es de pesquisa e empresas.<\/p>\n<p>Os interessados podem se inscrever no estande do evento na Cantina Central, das 8 \u00e0s 18 horas. O valor da inscri\u00e7\u00e3o \u00e9 de R$30,00. Tamb\u00e9m \u00e9 poss\u00edvel realizar a inscri\u00e7\u00e3o pela transfer\u00eancia do valor para a conta corrente 59575-6, da ag\u00eancia 0032-9 do Banco do Brasil (No\u00eamia Karen). Nesse caso, \u00e9 preciso enviar o comprovante de pagamento para o e-mail <a href=\"mailto:coordenadoria.nesem@gmail.com\">coordenadoria.nesem@gmail.com<\/a>.<\/p>\n<p>O evento \u00e9 promovido pelo Nesem, com o apoio da UFLA, Departamento de Agricultura (DAG), Setor de Sementes, Programa de P\u00f3s-Gradua\u00e7\u00e3o em Agronomia\/Fitotecnia e Associa\u00e7\u00e3o Brasileira de Tecnologia de Sementes (<a href=\"http:\/\/www.abrates.org.br\/\">Abrates<\/a>).<\/p>\n<p><strong>Programa\u00e7\u00e3o<\/strong><\/p>\n<p><strong>23\/2 (ter\u00e7a-feira)<\/strong><\/p>\n<ul>\n<li>7h30 \u2013 Credenciamento e Entrega de materiais<\/li>\n<li>8h \u2013 Abertura Oficial<\/li>\n<li>8h30 \u2013 Panorama da Biotecnologia: Estrat\u00e9gia Importante Para o Fortalecimento do Agroneg\u00f3cio Brasileiro e Mundial. Palestrante: Alu\u00edzio Bor\u00e9m (Professor Universidade Federal de Vi\u00e7osa). Moderador: Magno Ant\u00f4nio Patto Ramalho (Professor DBI\/UFLA)<\/li>\n<li>10h \u2013 Intervalo<\/li>\n<li>10h30 \u2013 Biotecnologia e os Seus Desafios de Comunica\u00e7\u00e3o. Palestrante: Vivian Nascimento (Supervisora de Stewardship- Monsanto). Moderadora: Fl\u00e1via Barbosa Silva Botelho (Professora DAG\/UFLA).<\/li>\n<li>14h \u2013 A Import\u00e2ncia Das Boas Pr\u00e1ticas Agron\u00f4micas e a Conscientiza\u00e7\u00e3o para Manuten\u00e7\u00e3o e Longevidade da Biotecnologia. Palestrante: Jo\u00e3o Oliveira (Gerente-t\u00e9cnico de Biotecnologia\u00a0\u00a0 da Monsanto). Moderador: Adriano Teodoro Bruzi- (Professor DAG\/UFLA).<\/li>\n<li>15h30 \u2013 Intervalo<\/li>\n<li>16h \u2013 Painel de Empresa \u2013 Tbit: Sistemas Inovadores de An\u00e1lises por Imagem para o Agroneg\u00f3cio<\/li>\n<li>16h30 \u2013 Modifica\u00e7\u00f5es Gen\u00e9ticas em Sementes: Detec\u00e7\u00e3o, Identifica\u00e7\u00e3o e Quantifica\u00e7\u00e3o. Palestrante: Nilson C\u00e9sar Castanheira Guimar\u00e3es (Coordenador T\u00e9cnico do Lanagro &#8211; MG, do\u00a0\u00a0 Minist\u00e9rio da Agricultura, Pecu\u00e1ria e Abastecimento &#8211; MAPA). Moderador: Samuel Rezende (Professor DAG\/UFLA).<\/li>\n<\/ul>\n<p>&nbsp;<\/p>\n<p><strong>24\/2 (quarta-feira)<\/strong><\/p>\n<ul>\n<li>8h \u2013 Qualidade de Sementes e Altas Produtividades: Recorrente Preocupa\u00e7\u00e3o nos Programas de Melhoramento Gen\u00e9tico. Palestrante: Jose de Barros Fran\u00e7a Neto (Pesquisador EMBRAPA\/Soja). Moderador: Maria Laene Moreira de Carvalho (Professora DAG\/UFLA).<\/li>\n<li>9h30 \u2013 Intervalo<\/li>\n<li>10h \u2013 Painel de Empresa \u2013 Aeroclube de Lavras: Um Voo para o Futuro<\/li>\n<li>10h30 \u2013 Melhoramento de Forrageiras Tropicais: Avan\u00e7os e Tecnologias. Palestrante: Liana Jank \u2013 (Pesquisadora EMBRAPA\/Gado de Corte). Moderador: Jo\u00e3o C\u00e2ndido Oliveira (Professor DBI\/UFLA).<\/li>\n<li>14h \u2013 Aspectos Legais da Produ\u00e7\u00e3o e Comercializa\u00e7\u00e3o de Sementes Convencionais e Transg\u00eanicas. Palestrante: Cl\u00e1udio Manuel da Silva (Presidente APSEMG- Associa\u00e7\u00e3o dos Produtores de Sementes e Mudas de Minas Gerais). Moderadora: Luciane Vilela Resende- (Professora DAG\/UFLA).<\/li>\n<li>15h30 \u2013 Intervalo<\/li>\n<li>16h\u2013 Painel de empresas<\/li>\n<li>16h30 \u2013 Certifica\u00e7\u00e3o de Pureza Gen\u00e9tica: Uma Abordagem Pr\u00e1tica. Palestrante: Heloisa Oliveira dos Santos (Professora DAG\/UFLA)<\/li>\n<\/ul>\n<h6>* Toda a programa\u00e7\u00e3o ser\u00e1 no Sal\u00e3o de Conven\u00e7\u00f5es, e n\u00e3o mais no Anfiteatro do Setor de Sementes.<\/h6>\n","protected":false},"excerpt":{"rendered":"<p>O N\u00facleo de Estudos em Sementes (Nesem) promover\u00e1 a segunda edi\u00e7\u00e3o do Workshop em Produ\u00e7\u00e3o e Tecnologia de Sementes nos dias 23 e 24 de fevereiro, no Sal\u00e3o de Conven\u00e7\u00f5es da UFLA*. Tratando de temas atuais concernentes ao melhoramento e biotecnologia, as palestras ser\u00e3o ministradas por docentes e pesquisadores da UFLA e importantes institui\u00e7\u00f5es de &hellip; <a href=\"https:\/\/www.ufla.br\/dcom\/2016\/02\/17\/2o-workshop-em-producao-e-tecnologia-de-sementes-sera-em-23-e-242\/\" class=\"more-link\">Continue lendo <span class=\"screen-reader-text\">2\u00ba Workshop em Produ\u00e7\u00e3o e Tecnologia de Sementes ser\u00e1 realizado em 23 e 24\/2<\/span> <span class=\"meta-nav\">&rarr;<\/span><\/a><\/p>\n","protected":false},"author":8,"featured_media":0,"comment_status":"closed","ping_status":"closed","sticky":false,"template":"","format":"standard","meta":{"ngg_post_thumbnail":0,"footnotes":""},"categories":[1,10],"tags":[317,1721,316],"class_list":["post-107795","post","type-post","status-publish","format-standard","hentry","category-noticias","category-menores","tag-agricultura","tag-nesem","tag-sementes"],"_links":{"self":[{"href":"https:\/\/www.ufla.br\/dcom\/wp-json\/wp\/v2\/posts\/107795","targetHints":{"allow":["GET"]}}],"collection":[{"href":"https:\/\/www.ufla.br\/dcom\/wp-json\/wp\/v2\/posts"}],"about":[{"href":"https:\/\/www.ufla.br\/dcom\/wp-json\/wp\/v2\/types\/post"}],"author":[{"embeddable":true,"href":"https:\/\/www.ufla.br\/dcom\/wp-json\/wp\/v2\/users\/8"}],"replies":[{"embeddable":true,"href":"https:\/\/www.ufla.br\/dcom\/wp-json\/wp\/v2\/comments?post=107795"}],"version-history":[{"count":4,"href":"https:\/\/www.ufla.br\/dcom\/wp-json\/wp\/v2\/posts\/107795\/revisions"}],"predecessor-version":[{"id":107863,"href":"https:\/\/www.ufla.br\/dcom\/wp-json\/wp\/v2\/posts\/107795\/revisions\/107863"}],"wp:attachment":[{"href":"https:\/\/www.ufla.br\/dcom\/wp-json\/wp\/v2\/media?parent=107795"}],"wp:term":[{"taxonomy":"category","embeddable":true,"href":"https:\/\/www.ufla.br\/dcom\/wp-json\/wp\/v2\/categories?post=107795"},{"taxonomy":"post_tag","embeddable":true,"href":"https:\/\/www.ufla.br\/dcom\/wp-json\/wp\/v2\/tags?post=107795"}],"curies":[{"name":"wp","href":"https:\/\/api.w.org\/{rel}","templated":true}]}}