{"id":107615,"date":"2016-02-05T10:04:01","date_gmt":"2016-02-05T13:04:01","guid":{"rendered":"http:\/\/www.ufla.br\/ascom\/?p=107615"},"modified":"2016-02-17T12:56:42","modified_gmt":"2016-02-17T15:56:42","slug":"ufla-tera-quarta-edicao-do-ciclo-de-palestras-em-lacteos-inscricoes-abertas","status":"publish","type":"post","link":"https:\/\/www.ufla.br\/dcom\/2016\/02\/05\/ufla-tera-quarta-edicao-do-ciclo-de-palestras-em-lacteos-inscricoes-abertas\/","title":{"rendered":"UFLA ter\u00e1 quarta edi\u00e7\u00e3o do Ciclo de Palestras em L\u00e1cteos \u2013 inscri\u00e7\u00f5es abertas"},"content":{"rendered":"<p>Q<a href=\"http:\/\/www.ufla.br\/ascom\/wp-content\/uploads\/2016\/02\/lacteos.jpg\"><img loading=\"lazy\" decoding=\"async\" class=\"alignleft size-full wp-image-107618\" src=\"http:\/\/www.ufla.br\/ascom\/wp-content\/uploads\/2016\/02\/lacteos.jpg\" alt=\"lacteos\" width=\"199\" height=\"207\" \/><\/a>uem tem interesse em ampliar conhecimentos sobre <strong>o soro do leite e os res\u00edduos gerados nas ind\u00fastrias l\u00e1cteas<\/strong> ter\u00e1 a oportunidade, nos dias 16\/2 e 17\/2, de participar do <strong>IV Ciclo de Palestras em L\u00e1cteos<\/strong>. O evento ser\u00e1 realizado no anfiteatro do Departamento de Ci\u00eancia dos Alimentos da Universidade Federal de Lavras (UFLA\/DCA), organizado pelo N\u00facleo de Estudos em Latic\u00ednios (NEL).<\/p>\n<p>As inscri\u00e7\u00f5es podem ser feitas na cantina central, localizada ao lado do Diret\u00f3rio Central dos Estudantes (DCE). O investimento necess\u00e1rio \u00e9 de R$ 25,00. \u00c9 poss\u00edvel pagar R$ 20,00 caso o participante convide um amigo, e ambos fa\u00e7am a inscri\u00e7\u00e3o simultaneamente. Durante o credenciamento para o evento, previsto para as 17h30 do dia 16\/2, a equipe organizadora tamb\u00e9m estar\u00e1 recebendo inscri\u00e7\u00f5es. Nos dois dias de palestras, as atividades ter\u00e3o in\u00edcio \u00e0s 18h.<\/p>\n<p><strong>Confira a programa\u00e7\u00e3o:<\/strong><\/p>\n<p><em><u>16\/2 \u2013 ter\u00e7a-feira<\/u><\/em><\/p>\n<p>17h30: credenciamento<\/p>\n<p>18h: cerim\u00f4nia de abertura<\/p>\n<p>18h \u00e0s 19h 30: palestra \u201cBebida microfiltrada de soro de leite e suco de laranja\u201d. Palestrante: <a href=\"http:\/\/lattes.cnpq.br\/2262486456657401\">Ana Am\u00e9lia Nunes P\u00fappio<\/a><\/p>\n<p>19h30 \u00e0s 20h: coffee-break<\/p>\n<p><em><u>17\/2 \u2013 quarta-feira<\/u><\/em><\/p>\n<p>18h \u00e0s 19h30: palestra \u201cCaracteriza\u00e7\u00e3o, tratamento, disposi\u00e7\u00e3o final de \u00e1guas residu\u00e1rias de Latic\u00ednios\u201d. Palestrante: <a href=\"http:\/\/lattes.cnpq.br\/3116725443981150\">Mateus Pimentel de Matos<\/a><\/p>\n<p>19h30 \u00e0s 20h: coffee-break<\/p>\n<p>20h \u00e0s 21h 30: palestra \u201cDesafios no tratamento de efluentes da ind\u00fastria l\u00e1ctea\u201d.<br \/>\nPalestrante: <strong>Fabiana Amorim<\/strong> &#8211; Engenheira Ambiental da Verde Campo.<br \/>\n<a href=\"https:\/\/www.facebook.com\/events\/1677735989169167\/\"><br \/>\n<\/a>Para acompanhar as divulga\u00e7\u00f5es do evento, <a href=\"https:\/\/www.facebook.com\/nel.ufla?fref=ts\">acesse a p\u00e1gina do NEL no Facebook<\/a>.<\/p>\n","protected":false},"excerpt":{"rendered":"<p>Quem tem interesse em ampliar conhecimentos sobre o soro do leite e os res\u00edduos gerados nas ind\u00fastrias l\u00e1cteas ter\u00e1 a oportunidade, nos dias 16\/2 e 17\/2, de participar do IV Ciclo de Palestras em L\u00e1cteos. O evento ser\u00e1 realizado no anfiteatro do Departamento de Ci\u00eancia dos Alimentos da Universidade Federal de Lavras (UFLA\/DCA), organizado pelo &hellip; <a href=\"https:\/\/www.ufla.br\/dcom\/2016\/02\/05\/ufla-tera-quarta-edicao-do-ciclo-de-palestras-em-lacteos-inscricoes-abertas\/\" class=\"more-link\">Continue lendo <span class=\"screen-reader-text\">UFLA ter\u00e1 quarta edi\u00e7\u00e3o do Ciclo de Palestras em L\u00e1cteos \u2013 inscri\u00e7\u00f5es abertas<\/span> <span class=\"meta-nav\">&rarr;<\/span><\/a><\/p>\n","protected":false},"author":13,"featured_media":0,"comment_status":"closed","ping_status":"closed","sticky":false,"template":"","format":"standard","meta":{"ngg_post_thumbnail":0,"footnotes":""},"categories":[1,10],"tags":[],"class_list":["post-107615","post","type-post","status-publish","format-standard","hentry","category-noticias","category-menores"],"_links":{"self":[{"href":"https:\/\/www.ufla.br\/dcom\/wp-json\/wp\/v2\/posts\/107615","targetHints":{"allow":["GET"]}}],"collection":[{"href":"https:\/\/www.ufla.br\/dcom\/wp-json\/wp\/v2\/posts"}],"about":[{"href":"https:\/\/www.ufla.br\/dcom\/wp-json\/wp\/v2\/types\/post"}],"author":[{"embeddable":true,"href":"https:\/\/www.ufla.br\/dcom\/wp-json\/wp\/v2\/users\/13"}],"replies":[{"embeddable":true,"href":"https:\/\/www.ufla.br\/dcom\/wp-json\/wp\/v2\/comments?post=107615"}],"version-history":[{"count":4,"href":"https:\/\/www.ufla.br\/dcom\/wp-json\/wp\/v2\/posts\/107615\/revisions"}],"predecessor-version":[{"id":107621,"href":"https:\/\/www.ufla.br\/dcom\/wp-json\/wp\/v2\/posts\/107615\/revisions\/107621"}],"wp:attachment":[{"href":"https:\/\/www.ufla.br\/dcom\/wp-json\/wp\/v2\/media?parent=107615"}],"wp:term":[{"taxonomy":"category","embeddable":true,"href":"https:\/\/www.ufla.br\/dcom\/wp-json\/wp\/v2\/categories?post=107615"},{"taxonomy":"post_tag","embeddable":true,"href":"https:\/\/www.ufla.br\/dcom\/wp-json\/wp\/v2\/tags?post=107615"}],"curies":[{"name":"wp","href":"https:\/\/api.w.org\/{rel}","templated":true}]}}