{"id":10761,"date":"2012-04-26T09:53:16","date_gmt":"2012-04-26T12:53:16","guid":{"rendered":"http:\/\/www.ufla.br\/ascom\/?p=10761"},"modified":"2012-04-27T11:25:38","modified_gmt":"2012-04-27T14:25:38","slug":"i-festival-ufla-cultural-tem-inicio-hoje-veja-programacao-completa","status":"publish","type":"post","link":"https:\/\/www.ufla.br\/dcom\/2012\/04\/26\/i-festival-ufla-cultural-tem-inicio-hoje-veja-programacao-completa\/","title":{"rendered":"I Festival UFLA Cultural tem in\u00edcio hoje &#8211; veja programa\u00e7\u00e3o completa"},"content":{"rendered":"<h6>Cibele Aguiar<\/h6>\n<p><a href=\"http:\/\/www.ufla.br\/ascom\/wp-content\/uploads\/2012\/04\/19.03-festival-ufla-cultural1.jpg\"><img loading=\"lazy\" decoding=\"async\" class=\"alignleft size-medium wp-image-10762\" title=\"19.03 festival ufla cultural\" src=\"http:\/\/www.ufla.br\/ascom\/wp-content\/uploads\/2012\/04\/19.03-festival-ufla-cultural1-300x175.jpg\" alt=\"\" width=\"300\" height=\"175\" srcset=\"https:\/\/www.ufla.br\/dcom\/wp-content\/uploads\/2012\/04\/19.03-festival-ufla-cultural1-300x175.jpg 300w, https:\/\/www.ufla.br\/dcom\/wp-content\/uploads\/2012\/04\/19.03-festival-ufla-cultural1.jpg 856w\" sizes=\"auto, (max-width: 300px) 100vw, 300px\" \/><\/a>A programa\u00e7\u00e3o do I Festival UFLA Cultural ter\u00e1 in\u00edcio nesta quinta-feira (26), com a realiza\u00e7\u00e3o do semin\u00e1rio \u201cSustentabilidade Ambiental: Agroqu\u00edmicos e Tratamentos de Efluentes\u201d, no Sal\u00e3o de Conven\u00e7\u00f5es, \u00e0s 17 horas. \u00c0s 19 horas, haver\u00e1 a abertura solene do Festival, na Casa da Cultura, dando in\u00edcio\u00a0\u00e0 programa\u00e7\u00e3o da I Feira do Livro e das Letras de Lavras. O Festival UFLA Cultural segue at\u00e9 domingo (29) e\u00a0toda a programa\u00e7\u00e3o \u00e9 aberta ao p\u00fablico e gratuita. \u00a0\u00a0\u00a0<\/p>\n<p>Nesta quinta-feira, a partir das 15 horas, haver\u00e1 uma a\u00e7\u00e3o educativa na Cantina Central da UFLA do projeto Cultivida: Contrato com o Planeta. Por meio de um software espec\u00edfico, ser\u00e1 calculada a quantidade de emiss\u00e3o de g\u00e1s carb\u00f4nico (CO2) dos interessados e calculada a quantidade de \u00e1rvores necess\u00e1rias para realizar a compensa\u00e7\u00e3o. O participante receber\u00e1 na hora as sementes das \u00e1rvores a serem plantadas. \u00a0A a\u00e7\u00e3o educativa tamb\u00e9m estar\u00e1 na entrada do Sal\u00e3o de Conven\u00e7\u00f5es, a partir das 17 horas, durante a programa\u00e7\u00e3o do semin\u00e1rio \u201cSustentabilidade Ambiental: Agroqu\u00edmicos e Tratamentos de Efluentes\u201d.<\/p>\n<p>Ser\u00e3o duas palestras: \u201cVerdades e mitos sobre agroqu\u00edmicos\u201d, proferida pelo professor \u00c2ngelo Zanaga Trat\u00e9, coordenador da \u00e1rea de sa\u00fade ambiental do Departamento de Medicina Preventiva e Social da Universidade de Campinas (Unicamp) e \u201cTratamento de efluentes e reuso de \u00e1gua para sustentabilidade\u201d, com apresenta\u00e7\u00e3o do qu\u00edmico industrial Thiago Henrique Guimar\u00e3es Pereira e do engenheiro ambiental Vin\u00edcius Pamebianchi dos Santos. Os participantes receber\u00e3o certificado.<\/p>\n<p>Na Casa da Cultura, haver\u00e1 a apresenta\u00e7\u00e3o do Coral Vozes do C\u00e2mpus e Orquestra de C\u00e2mara da UFLA, instala\u00e7\u00e3o da exposi\u00e7\u00e3o \u201cO livro na era digital\u201d,\u00a0 Grupo de Teatro Universit\u00e1rio (GUT) com apresenta\u00e7\u00e3o de literatura de cordel, exposi\u00e7\u00e3o de livros \u201cObras Raras\u201d, feira de livros, exposi\u00e7\u00e3o de obras de autores locais e regionais e abertura do ensaio fotogr\u00e1fico \u201cA luz da escrita\u201d, do fotoclube Plano Aberto.<\/p>\n<p>O I Festival UFLA Cultural \u00e9 uma realiza\u00e7\u00e3o da Pr\u00f3-Reitoria de Extens\u00e3o e Cultura (Proec\/UFLA) e Minist\u00e9rio da Cultura, com a organiza\u00e7\u00e3o da Marolo Produ\u00e7\u00f5es e apoio da Funda\u00e7\u00e3o de Desenvolvimento Cient\u00edfico e Cultural (Fundecc),\u00a0Prefeitura Municipal de Lavras, Diret\u00f3rio Central dos Estudantes (DCE) e Associa\u00e7\u00e3o de P\u00f3s-Graduandos (APG). O Festival tem o patroc\u00ednio da Ihara, Grupo Segurador Banco do Brasil\/Mapfre, Rex Supermercados\/Coca-Cola, Laveli, Tresmacol, Padaria P\u00e3o Dourado, Viva Ve\u00edculos e Acamar.<\/p>\n<p>Veja programa\u00e7\u00e3o completa no site <a href=\"http:\/\/www.festivalcultural.ufla.br\/\">www.festivalcultural.ufla.br<\/a><\/p>\n<p>&nbsp;<\/p>\n","protected":false},"excerpt":{"rendered":"<p>A programa\u00e7\u00e3o do I Festival UFLA Cultural ter\u00e1 in\u00edcio nesta quinta-feira (26), com a realiza\u00e7\u00e3o do semin\u00e1rio \u201cSustentabilidade Ambiental: Agroqu\u00edmicos e Tratamentos de Efluentes\u201d, no Sal\u00e3o de Conven\u00e7\u00f5es, \u00e0s 17 horas. \u00c0s 19 horas, haver\u00e1 a abertura solene do Festival, na Casa da Cultura, dando in\u00edcio \u00e0 programa\u00e7\u00e3o da I Feira do Livro e das Letras de Lavras. (&#8230;)    <\/p>\n","protected":false},"author":6,"featured_media":0,"comment_status":"closed","ping_status":"closed","sticky":false,"template":"","format":"standard","meta":{"ngg_post_thumbnail":0,"footnotes":""},"categories":[1],"tags":[631],"class_list":["post-10761","post","type-post","status-publish","format-standard","hentry","category-noticias","tag-festival-ufla-cultural"],"_links":{"self":[{"href":"https:\/\/www.ufla.br\/dcom\/wp-json\/wp\/v2\/posts\/10761","targetHints":{"allow":["GET"]}}],"collection":[{"href":"https:\/\/www.ufla.br\/dcom\/wp-json\/wp\/v2\/posts"}],"about":[{"href":"https:\/\/www.ufla.br\/dcom\/wp-json\/wp\/v2\/types\/post"}],"author":[{"embeddable":true,"href":"https:\/\/www.ufla.br\/dcom\/wp-json\/wp\/v2\/users\/6"}],"replies":[{"embeddable":true,"href":"https:\/\/www.ufla.br\/dcom\/wp-json\/wp\/v2\/comments?post=10761"}],"version-history":[{"count":3,"href":"https:\/\/www.ufla.br\/dcom\/wp-json\/wp\/v2\/posts\/10761\/revisions"}],"predecessor-version":[{"id":10800,"href":"https:\/\/www.ufla.br\/dcom\/wp-json\/wp\/v2\/posts\/10761\/revisions\/10800"}],"wp:attachment":[{"href":"https:\/\/www.ufla.br\/dcom\/wp-json\/wp\/v2\/media?parent=10761"}],"wp:term":[{"taxonomy":"category","embeddable":true,"href":"https:\/\/www.ufla.br\/dcom\/wp-json\/wp\/v2\/categories?post=10761"},{"taxonomy":"post_tag","embeddable":true,"href":"https:\/\/www.ufla.br\/dcom\/wp-json\/wp\/v2\/tags?post=10761"}],"curies":[{"name":"wp","href":"https:\/\/api.w.org\/{rel}","templated":true}]}}