{"id":107609,"date":"2016-02-05T09:39:20","date_gmt":"2016-02-05T12:39:20","guid":{"rendered":"http:\/\/www.ufla.br\/ascom\/?p=107609"},"modified":"2016-02-17T08:46:33","modified_gmt":"2016-02-17T11:46:33","slug":"venha-observar-o-alinhamento-dos-planetas-em-edicao-especial-da-festa-das-estrelas-132-as-5-horas-da-manha","status":"publish","type":"post","link":"https:\/\/www.ufla.br\/dcom\/2016\/02\/05\/venha-observar-o-alinhamento-dos-planetas-em-edicao-especial-da-festa-das-estrelas-132-as-5-horas-da-manha\/","title":{"rendered":"Venha observar o alinhamento dos planetas em edi\u00e7\u00e3o especial da Festa das Estrelas \u2013 13\/2, \u00e0s 5 horas da manh\u00e3"},"content":{"rendered":"<figure id=\"attachment_107327\" aria-describedby=\"caption-attachment-107327\" style=\"width: 249px\" class=\"wp-caption alignleft\"><a href=\"http:\/\/www.ufla.br\/ascom\/wp-content\/uploads\/2016\/01\/festa-das-estrelas.jpg\"><img loading=\"lazy\" decoding=\"async\" class=\"size-medium wp-image-107327\" src=\"http:\/\/www.ufla.br\/ascom\/wp-content\/uploads\/2016\/01\/festa-das-estrelas-249x159.jpg\" alt=\"Fonte: Skysafari - reprodu\u00e7\u00e3o\" width=\"249\" height=\"159\" srcset=\"https:\/\/www.ufla.br\/dcom\/wp-content\/uploads\/2016\/01\/festa-das-estrelas-249x159.jpg 249w, https:\/\/www.ufla.br\/dcom\/wp-content\/uploads\/2016\/01\/festa-das-estrelas-612x391.jpg 612w, https:\/\/www.ufla.br\/dcom\/wp-content\/uploads\/2016\/01\/festa-das-estrelas.jpg 856w\" sizes=\"auto, (max-width: 249px) 100vw, 249px\" \/><\/a><figcaption id=\"caption-attachment-107327\" class=\"wp-caption-text\">Fonte: Skysafari &#8211; reprodu\u00e7\u00e3o<\/figcaption><\/figure>\n<p>No s\u00e1bado, 13 de fevereiro, voc\u00ea est\u00e1 convidado a participar de uma experi\u00eancia inusitada: a observa\u00e7\u00e3o do fen\u00f4meno de alinhamento de cinco planetas no c\u00e2mpus hist\u00f3rico da Universidade Federal de Lavras (UFLA). O projeto Magia da F\u00edsica e do Universo ter\u00e1 uma sess\u00e3o especial da oficina \u201cFesta das Estrelas\u201d, \u00e0s 5 horas da manh\u00e3, no Museu de Historia Natural \u00a0(MHN).<\/p>\n<p>A observa\u00e7\u00e3o especial, com telesc\u00f3pios, \u00e9 mais uma a\u00e7\u00e3o coordenada pelos professores do Departamento de F\u00edsica (DFI) Karen Luz Rosso e Jos\u00e9 Alberto Nogales, que est\u00e3o sempre atentos aos fen\u00f4menos astron\u00f4micos e convidando a comunidade para observar o c\u00e9u. Desde 2009, eles promovem a oficina chamada \u201cFesta das Estrelas\u201d, com debate sobre astronomia e observa\u00e7\u00e3o com telesc\u00f3pios que atrai a participa\u00e7\u00e3o de pessoas de todas as idades, da comunidade acad\u00eamica e externa.<\/p>\n<p>Nesse per\u00edodo especial, a Lua e mais cinco planetas \u2013\u00a0Merc\u00fario, V\u00eanus, Marte, J\u00fapiter e Saturno \u2013 estar\u00e3o alinhados, fazendo seu bloco carnavalesco no c\u00e9u. Segundo observa\u00e7\u00e3o da professora Karen Rosso, o bloco Lua + planetas pode ser observado com mais visibilidade entre 5h30 e 6h10 da manha at\u00e9 o dia 20 de Fevereiro de 2016.<\/p>\n<p>A professora explica que o alinhamento no c\u00e9u de cinco planetas e a Lua \u00e9 um evento raro. \u201cEles aparecem como se fossem estrelas bem brilhantes e estar\u00e3o bem pr\u00f3ximos da linha do horizonte ao amanhecer. Merc\u00fario \u00e9 completamente ofuscado pela luz do sol rapidamente, ent\u00e3o s\u00f3 poder\u00e1 ser visto em um curto espa\u00e7o de tempo junto aos demais planetas. Esse tempo \u00e9 basicamente entre 30 e 60 minutos antes do nascer do sol, mais ou menos 6h10\u201d.<\/p>\n<p>Os interessados devem acessar o link: \u00a0<a href=\"https:\/\/www.facebook.com\/Magiadafisicaedouniverso\/?ref=hl\"><strong>https:\/\/www.facebook.com\/Magiadafisicaedouniverso\/?ref=hl<\/strong><\/a><\/p>\n<p><strong>O projeto<\/strong><\/p>\n<p>Criado em janeiro de 2009, integra tamb\u00e9m ensino e pesquisa cient\u00edfica e inclui atividades dirigidas a escolas da regi\u00e3o e \u00e0 popula\u00e7\u00e3o em geral. Durante os per\u00edodos letivos, s\u00e3o promovidas oficinas semanais para divulga\u00e7\u00e3o e populariza\u00e7\u00e3o de informa\u00e7\u00f5es cient\u00edficas.\u00a0<strong>\u201cFesta das Estrelas\u201d<\/strong>\u00a0\u00e9 o nome da oficina que ocorre aos s\u00e1bados \u00e0 noite, no Museu de Hist\u00f3ria Natural (MHN), c\u00e2mpus hist\u00f3rico da UFLA.<\/p>\n<p>O apoio \u00e0s atividades \u00e9 do MHN, dos departamentos de F\u00edsica (DFI) e de Ci\u00eancias Exatas (DEX), do Conselho Nacional de Desenvolvimento Cient\u00edfico e Tecnol\u00f3gico (CNPq) e das\u00a0pr\u00f3-reitorias de Assuntos Estudantis e Comunit\u00e1rios (Praec), de Extens\u00e3o e Cultura (Proec), de Pesquisa (PRP) e de Gradua\u00e7\u00e3o (PRG).<\/p>\n<p>&nbsp;<\/p>\n<p>&nbsp;<\/p>\n","protected":false},"excerpt":{"rendered":"<p>No s\u00e1bado, 13 de fevereiro, voc\u00ea est\u00e1 convidado a participar de uma experi\u00eancia inusitada: a observa\u00e7\u00e3o do fen\u00f4meno de alinhamento de cinco planetas no c\u00e2mpus hist\u00f3rico da Universidade Federal de Lavras (UFLA). O projeto Magia da F\u00edsica e do Universo ter\u00e1 uma sess\u00e3o especial da oficina \u201cFesta das Estrelas\u201d, \u00e0s 5 horas da manh\u00e3, no &hellip; <a href=\"https:\/\/www.ufla.br\/dcom\/2016\/02\/05\/venha-observar-o-alinhamento-dos-planetas-em-edicao-especial-da-festa-das-estrelas-132-as-5-horas-da-manha\/\" class=\"more-link\">Continue lendo <span class=\"screen-reader-text\">Venha observar o alinhamento dos planetas em edi\u00e7\u00e3o especial da Festa das Estrelas \u2013 13\/2, \u00e0s 5 horas da manh\u00e3<\/span> <span class=\"meta-nav\">&rarr;<\/span><\/a><\/p>\n","protected":false},"author":6,"featured_media":0,"comment_status":"closed","ping_status":"closed","sticky":false,"template":"","format":"standard","meta":{"ngg_post_thumbnail":0,"footnotes":""},"categories":[1],"tags":[],"class_list":["post-107609","post","type-post","status-publish","format-standard","hentry","category-noticias"],"_links":{"self":[{"href":"https:\/\/www.ufla.br\/dcom\/wp-json\/wp\/v2\/posts\/107609","targetHints":{"allow":["GET"]}}],"collection":[{"href":"https:\/\/www.ufla.br\/dcom\/wp-json\/wp\/v2\/posts"}],"about":[{"href":"https:\/\/www.ufla.br\/dcom\/wp-json\/wp\/v2\/types\/post"}],"author":[{"embeddable":true,"href":"https:\/\/www.ufla.br\/dcom\/wp-json\/wp\/v2\/users\/6"}],"replies":[{"embeddable":true,"href":"https:\/\/www.ufla.br\/dcom\/wp-json\/wp\/v2\/comments?post=107609"}],"version-history":[{"count":1,"href":"https:\/\/www.ufla.br\/dcom\/wp-json\/wp\/v2\/posts\/107609\/revisions"}],"predecessor-version":[{"id":107613,"href":"https:\/\/www.ufla.br\/dcom\/wp-json\/wp\/v2\/posts\/107609\/revisions\/107613"}],"wp:attachment":[{"href":"https:\/\/www.ufla.br\/dcom\/wp-json\/wp\/v2\/media?parent=107609"}],"wp:term":[{"taxonomy":"category","embeddable":true,"href":"https:\/\/www.ufla.br\/dcom\/wp-json\/wp\/v2\/categories?post=107609"},{"taxonomy":"post_tag","embeddable":true,"href":"https:\/\/www.ufla.br\/dcom\/wp-json\/wp\/v2\/tags?post=107609"}],"curies":[{"name":"wp","href":"https:\/\/api.w.org\/{rel}","templated":true}]}}