{"id":107460,"date":"2016-02-01T13:28:58","date_gmt":"2016-02-01T16:28:58","guid":{"rendered":"http:\/\/www.ufla.br\/ascom\/?p=107460"},"modified":"2016-02-11T07:39:00","modified_gmt":"2016-02-11T10:39:00","slug":"ufla-divulgara-2a-chamada-pas-e-sisu-no-dia-112-matriculas-nos-dias-12-15-e-16-de-fevereiro","status":"publish","type":"post","link":"https:\/\/www.ufla.br\/dcom\/2016\/02\/01\/ufla-divulgara-2a-chamada-pas-e-sisu-no-dia-112-matriculas-nos-dias-12-15-e-16-de-fevereiro\/","title":{"rendered":"UFLA divulgar\u00e1 2\u00aa chamada PAS e SiSU no dia 11\/2: matr\u00edculas nos dias 12, 15 e 16 de fevereiro"},"content":{"rendered":"<p><a href=\"http:\/\/www.ufla.br\/ascom\/wp-content\/uploads\/2016\/01\/NOTA-MAXIMA-UFLA.jpg\"><img loading=\"lazy\" decoding=\"async\" class=\"alignright wp-image-107247 size-medium\" src=\"http:\/\/www.ufla.br\/ascom\/wp-content\/uploads\/2016\/01\/NOTA-MAXIMA-UFLA-249x169.jpg\" alt=\"NOTA-MAXIMA-UFLA\" width=\"249\" height=\"169\" srcset=\"https:\/\/www.ufla.br\/dcom\/wp-content\/uploads\/2016\/01\/NOTA-MAXIMA-UFLA-249x169.jpg 249w, https:\/\/www.ufla.br\/dcom\/wp-content\/uploads\/2016\/01\/NOTA-MAXIMA-UFLA-612x416.jpg 612w, https:\/\/www.ufla.br\/dcom\/wp-content\/uploads\/2016\/01\/NOTA-MAXIMA-UFLA.jpg 869w\" sizes=\"auto, (max-width: 249px) 100vw, 249px\" \/><\/a>Os candidatos a uma vaga na Universidade Federal de Lavras (UFLA) que ser\u00e3o selecionados na segunda chamada da Lista de Espera do Processo Seletivo de Avalia\u00e7\u00e3o Seriada (PAS) e Sistema de Sele\u00e7\u00e3o Unificada (SiSU) dever\u00e3o realizar a matr\u00edcula nos dias 12, 15 e 16\/2\/2016. A Lista dos candidatos selecionados ser\u00e1 divulgada no dia 11\/2\/2016.<\/p>\n<p>As instru\u00e7\u00f5es de matr\u00edcula para os candidatos aprovados tanto para o SiSu, quanto para o PAS para o 1\u00ba per\u00edodo letivo de 2016 est\u00e3o dispon\u00edveis no site da <a href=\"http:\/\/www.drca.ufla.br\/calouros\/graduacao_presencial\/Calouros20161.asp\">Diretoria de Registro e Controle Acad\u00eamico (DRCA)\u00a0<\/a><\/p>\n<p>Para efetivar a matr\u00edcula, os candidatos aprovados em ampla concorr\u00eancia ou vagas reservadas devem preencher, imprimir e assinar a ficha-cadastro dispon\u00edvel no site, e enviar \u00e0 DRCA com c\u00f3pia dos documentos descritos nas instru\u00e7\u00f5es de matr\u00edcula. A documenta\u00e7\u00e3o deve ser enviada via Sedex, com data de postagem at\u00e9 o dia 16\/2 ou ser entregue presencialmente, no mesmo prazo, no Setor de Atendimento da DRCA.<\/p>\n<p>O candidato selecionado que n\u00e3o realizar a sua matr\u00edcula no prazo estabelecido ou n\u00e3o apresentar, no ato da matr\u00edcula, a documenta\u00e7\u00e3o completa exigida, perder\u00e1 o direito \u00e0 vaga.<\/p>\n<p>&nbsp;<\/p>\n","protected":false},"excerpt":{"rendered":"<p>Os candidatos a uma vaga na Universidade Federal de Lavras (UFLA) que ser\u00e3o selecionados na segunda chamada da Lista de Espera do Processo Seletivo de Avalia\u00e7\u00e3o Seriada (PAS) e Sistema de Sele\u00e7\u00e3o Unificada (SiSU) dever\u00e3o realizar a matr\u00edcula nos dias 12, 15 e 16\/2\/2016. A Lista dos candidatos selecionados ser\u00e1 divulgada no dia 11\/2\/2016. As &hellip; <a href=\"https:\/\/www.ufla.br\/dcom\/2016\/02\/01\/ufla-divulgara-2a-chamada-pas-e-sisu-no-dia-112-matriculas-nos-dias-12-15-e-16-de-fevereiro\/\" class=\"more-link\">Continue lendo <span class=\"screen-reader-text\">UFLA divulgar\u00e1 2\u00aa chamada PAS e SiSU no dia 11\/2: matr\u00edculas nos dias 12, 15 e 16 de fevereiro<\/span> <span class=\"meta-nav\">&rarr;<\/span><\/a><\/p>\n","protected":false},"author":6,"featured_media":0,"comment_status":"closed","ping_status":"closed","sticky":false,"template":"","format":"standard","meta":{"ngg_post_thumbnail":0,"footnotes":""},"categories":[1],"tags":[367],"class_list":["post-107460","post","type-post","status-publish","format-standard","hentry","category-noticias","tag-matricula"],"_links":{"self":[{"href":"https:\/\/www.ufla.br\/dcom\/wp-json\/wp\/v2\/posts\/107460","targetHints":{"allow":["GET"]}}],"collection":[{"href":"https:\/\/www.ufla.br\/dcom\/wp-json\/wp\/v2\/posts"}],"about":[{"href":"https:\/\/www.ufla.br\/dcom\/wp-json\/wp\/v2\/types\/post"}],"author":[{"embeddable":true,"href":"https:\/\/www.ufla.br\/dcom\/wp-json\/wp\/v2\/users\/6"}],"replies":[{"embeddable":true,"href":"https:\/\/www.ufla.br\/dcom\/wp-json\/wp\/v2\/comments?post=107460"}],"version-history":[{"count":3,"href":"https:\/\/www.ufla.br\/dcom\/wp-json\/wp\/v2\/posts\/107460\/revisions"}],"predecessor-version":[{"id":107577,"href":"https:\/\/www.ufla.br\/dcom\/wp-json\/wp\/v2\/posts\/107460\/revisions\/107577"}],"wp:attachment":[{"href":"https:\/\/www.ufla.br\/dcom\/wp-json\/wp\/v2\/media?parent=107460"}],"wp:term":[{"taxonomy":"category","embeddable":true,"href":"https:\/\/www.ufla.br\/dcom\/wp-json\/wp\/v2\/categories?post=107460"},{"taxonomy":"post_tag","embeddable":true,"href":"https:\/\/www.ufla.br\/dcom\/wp-json\/wp\/v2\/tags?post=107460"}],"curies":[{"name":"wp","href":"https:\/\/api.w.org\/{rel}","templated":true}]}}