{"id":107458,"date":"2016-02-01T10:29:41","date_gmt":"2016-02-01T13:29:41","guid":{"rendered":"http:\/\/www.ufla.br\/ascom\/?p=107458"},"modified":"2016-02-05T09:32:57","modified_gmt":"2016-02-05T12:32:57","slug":"renda-media-agricola-cresce-e-supera-inflacao-em-2015","status":"publish","type":"post","link":"https:\/\/www.ufla.br\/dcom\/2016\/02\/01\/renda-media-agricola-cresce-e-supera-inflacao-em-2015\/","title":{"rendered":"Renda m\u00e9dia agr\u00edcola cresce e supera infla\u00e7\u00e3o em 2015, mas n\u00e3o em todos os setores"},"content":{"rendered":"<p><a href=\"http:\/\/www.ufla.br\/ascom\/wp-content\/uploads\/2014\/03\/IPP-IPR.jpg\"><img loading=\"lazy\" decoding=\"async\" class=\"alignright size-medium wp-image-30458\" src=\"http:\/\/www.ufla.br\/ascom\/wp-content\/uploads\/2014\/03\/IPP-IPR-249x168.jpg\" alt=\"IPP-IPR\" width=\"249\" height=\"168\" srcset=\"https:\/\/www.ufla.br\/dcom\/wp-content\/uploads\/2014\/03\/IPP-IPR-249x168.jpg 249w, https:\/\/www.ufla.br\/dcom\/wp-content\/uploads\/2014\/03\/IPP-IPR.jpg 400w\" sizes=\"auto, (max-width: 249px) 100vw, 249px\" \/><\/a>Os grupos dos gr\u00e3os e das frutas foram grandes respons\u00e1veis pela eleva\u00e7\u00e3o do \u00cdndice de Pre\u00e7os Recebidos (IPR) em 2015, \u00edndice referente \u00e0 venda dos produtos agr\u00edcolas no Sul de Minas Gerais. No ano passado, a eleva\u00e7\u00e3o m\u00e9dia do IPR ficou em 19,20%, de acordo com pesquisa feita no Departamento de Administra\u00e7\u00e3o e Economia (DAE) da UFLA.<\/p>\n<p>No ano passado, o IPR foi positivo na m\u00e9dia para os produtores; por\u00e9m, alguns grupos pesquisados apresentaram decr\u00e9scimo de pre\u00e7o durante o ano agr\u00edcola de 2015. Para o professor Renato Fontes, coordenador da pesquisa, o aumento m\u00e9dio geral da renda do produtor pode ser considerado satisfat\u00f3rio mesmo se comparado com a infla\u00e7\u00e3o do per\u00edodo, oficialmente de 10,71%. Entretanto, alguns grupos pesquisados apresentaram resultados anuais n\u00e3o satisfat\u00f3rios, caso dos grupos espec\u00edficos de carnes, leite e verduras. Nesses, o produtor perdeu renda efetivamente na explora\u00e7\u00e3o \u00fanica dessas atividades.<\/p>\n<p>O leite, por exemplo, apresentou pre\u00e7o m\u00e9dio do litro de R$ 1,20 em janeiro, valor que oscilou durante o ano at\u00e9 dezembro, em que o pre\u00e7o foi de R$ 1,10. \u201cO mercado das <em>commodities<\/em> agr\u00edcolas, pelas suas caracter\u00edsticas intr\u00ednsecas, \u00e9 extremamente vol\u00e1til. Os pre\u00e7os variam em decorr\u00eancia do clima, de fatores externos e por causa da renda dos consumidores, sendo que cada produto tem uma din\u00e2mica na sua precifica\u00e7\u00e3o\u201d, explica o professor Renato Fontes.<\/p>\n<p>O caf\u00e9, a principal cultura agr\u00edcola explorada no Sul de Minas Gerais, apresentou uma eleva\u00e7\u00e3o anual de pre\u00e7o de 8,23%, demonstrando que o mercado cafeeiro vem tendo equil\u00edbrio na sua precifica\u00e7\u00e3o. \u201cIsso mostra que os anos de alta recente parecem ter encontrado uma forte resist\u00eancia em encontrar pre\u00e7os melhores do que se vem praticando\u201d, acrescenta o professor.<\/p>\n<p>De acordo com a pesquisa, 2015 teve como destaque a eleva\u00e7\u00e3o dos pre\u00e7os em itens dos grupos de gr\u00e3os, especialmente milho, feij\u00e3o e arroz. Em m\u00e9dia, o grupo teve alta de 131% no ano.\u00a0\u201cO arroz teve seu pre\u00e7o majorado em 288%, o feij\u00e3o em 242% e o milho em 47%. Esses aumentos ocorreram principalmente por pre\u00e7os n\u00e3o compensadores em safra passadas, o que desestimulou os produtores a manterem e aumentarem a \u00e1rea plantada dessas culturas\u201d, afirma o professor. Isso, aliado a condi\u00e7\u00f5es clim\u00e1ticas desfavor\u00e1veis nas principais regi\u00f5es produtoras, afetou prejudicialmente a oferta desses produtos, causando a alta dos pre\u00e7os. \u201cConsequentemente, a majora\u00e7\u00e3o traz melhoria da renda de quem produz unicamente essas commodities, favorecendo investimentos futuros nestas atividades\u201d, explica o professor Renato Fontes.<\/p>\n<p>&nbsp;<\/p>\n","protected":false},"excerpt":{"rendered":"<p>Os grupos dos gr\u00e3os e das frutas foram grandes respons\u00e1veis pela eleva\u00e7\u00e3o do \u00cdndice de Pre\u00e7os Recebidos (IPR) em 2015, \u00edndice referente \u00e0 venda dos produtos agr\u00edcolas no Sul de Minas Gerais. No ano passado, a eleva\u00e7\u00e3o m\u00e9dia do IPR ficou em 19,20%, de acordo com pesquisa feita no Departamento de Administra\u00e7\u00e3o e Economia (DAE) &hellip; <a href=\"https:\/\/www.ufla.br\/dcom\/2016\/02\/01\/renda-media-agricola-cresce-e-supera-inflacao-em-2015\/\" class=\"more-link\">Continue lendo <span class=\"screen-reader-text\">Renda m\u00e9dia agr\u00edcola cresce e supera infla\u00e7\u00e3o em 2015, mas n\u00e3o em todos os setores<\/span> <span class=\"meta-nav\">&rarr;<\/span><\/a><\/p>\n","protected":false},"author":8,"featured_media":0,"comment_status":"closed","ping_status":"closed","sticky":false,"template":"","format":"standard","meta":{"ngg_post_thumbnail":0,"footnotes":""},"categories":[1,10],"tags":[590],"class_list":["post-107458","post","type-post","status-publish","format-standard","hentry","category-noticias","category-menores","tag-ipr"],"_links":{"self":[{"href":"https:\/\/www.ufla.br\/dcom\/wp-json\/wp\/v2\/posts\/107458","targetHints":{"allow":["GET"]}}],"collection":[{"href":"https:\/\/www.ufla.br\/dcom\/wp-json\/wp\/v2\/posts"}],"about":[{"href":"https:\/\/www.ufla.br\/dcom\/wp-json\/wp\/v2\/types\/post"}],"author":[{"embeddable":true,"href":"https:\/\/www.ufla.br\/dcom\/wp-json\/wp\/v2\/users\/8"}],"replies":[{"embeddable":true,"href":"https:\/\/www.ufla.br\/dcom\/wp-json\/wp\/v2\/comments?post=107458"}],"version-history":[{"count":2,"href":"https:\/\/www.ufla.br\/dcom\/wp-json\/wp\/v2\/posts\/107458\/revisions"}],"predecessor-version":[{"id":107469,"href":"https:\/\/www.ufla.br\/dcom\/wp-json\/wp\/v2\/posts\/107458\/revisions\/107469"}],"wp:attachment":[{"href":"https:\/\/www.ufla.br\/dcom\/wp-json\/wp\/v2\/media?parent=107458"}],"wp:term":[{"taxonomy":"category","embeddable":true,"href":"https:\/\/www.ufla.br\/dcom\/wp-json\/wp\/v2\/categories?post=107458"},{"taxonomy":"post_tag","embeddable":true,"href":"https:\/\/www.ufla.br\/dcom\/wp-json\/wp\/v2\/tags?post=107458"}],"curies":[{"name":"wp","href":"https:\/\/api.w.org\/{rel}","templated":true}]}}