{"id":10743,"date":"2012-04-25T17:07:28","date_gmt":"2012-04-25T19:07:28","guid":{"rendered":"http:\/\/www.ufla.br\/ascom\/?p=10743"},"modified":"2015-02-25T10:35:05","modified_gmt":"2015-02-25T12:35:05","slug":"criancas-do-coral-vista-alegre-se-apresentam-na-cantina-da-ufla","status":"publish","type":"post","link":"https:\/\/www.ufla.br\/dcom\/2012\/04\/25\/criancas-do-coral-vista-alegre-se-apresentam-na-cantina-da-ufla\/","title":{"rendered":"Crian\u00e7as do Coral Vista Alegre se apresentam na Cantina da UFLA"},"content":{"rendered":"<h6>Cibele Aguiar<\/h6>\n<p><a href=\"http:\/\/www.ufla.br\/ascom\/wp-content\/uploads\/2012\/04\/25.04-Coral-Vista-Alegre.jpg\"><img loading=\"lazy\" decoding=\"async\" class=\"alignleft size-medium wp-image-10744\" title=\"25.04 Coral Vista Alegre\" src=\"http:\/\/www.ufla.br\/ascom\/wp-content\/uploads\/2012\/04\/25.04-Coral-Vista-Alegre-300x212.jpg\" alt=\"\" width=\"300\" height=\"212\" srcset=\"https:\/\/www.ufla.br\/dcom\/wp-content\/uploads\/2012\/04\/25.04-Coral-Vista-Alegre-300x212.jpg 300w, https:\/\/www.ufla.br\/dcom\/wp-content\/uploads\/2012\/04\/25.04-Coral-Vista-Alegre.jpg 719w\" sizes=\"auto, (max-width: 300px) 100vw, 300px\" \/><\/a>Nessa ter\u00e7a-feira (24), o Projeto Ca\u00e7a-Talentos da Pr\u00f3-Reitoria de Extens\u00e3o e Cultura (Proec) aliou cultura e responsabilidade social. Cerca de 30 crian\u00e7as do bairro Vista Alegre, tamb\u00e9m conhecido como Pipoca, apresentaram-se na Cantina Central da Universidade Federal de Lavras (UFLA). O Coral \u00e9 uma iniciativa da estudante do 7\u00ba per\u00edodo de Biologia Jessica Cristina Carvalho.<\/p>\n<p>A apresenta\u00e7\u00e3o foi al\u00e9m de cumprir\u00a0a agenda cultural do Projeto, servindo de exemplo aos estudantes da UFLA para que busquem aliar a forma\u00e7\u00e3o t\u00e9cnica\u00a0\u00e0 cidad\u00e3. Al\u00e9m disso, as crian\u00e7as tiveram a oportunidade de fazer uma visita a diversos setores e salas de aula da Universidade, sendo desvendada a eles uma nova realidade pass\u00edvel de ser buscada. Ao final da visita, uma das crian\u00e7as comentou: \u201cainda vou estudar aqui\u201d. Assim, uma nobre meta foi cumprida pelo projeto: semear sonhos!<\/p>\n<p>&nbsp;<\/p>\n","protected":false},"excerpt":{"rendered":"<p>Nessa ter\u00e7a-feira (24), o Projeto Ca\u00e7a-Talentos da Pr\u00f3-Reitoria de Extens\u00e3o e Cultura (Proec) aliou cultura e responsabilidade social. Cerca de 30 crian\u00e7as do bairro Vista Alegre, tamb\u00e9m conhecido como Pipoca, apresentaram-se na Cantina Central da UFLA. (&#8230;)<\/p>\n","protected":false},"author":6,"featured_media":0,"comment_status":"closed","ping_status":"closed","sticky":false,"template":"","format":"standard","meta":{"ngg_post_thumbnail":0,"footnotes":""},"categories":[1],"tags":[526],"class_list":["post-10743","post","type-post","status-publish","format-standard","hentry","category-noticias","tag-caca-talentos"],"_links":{"self":[{"href":"https:\/\/www.ufla.br\/dcom\/wp-json\/wp\/v2\/posts\/10743","targetHints":{"allow":["GET"]}}],"collection":[{"href":"https:\/\/www.ufla.br\/dcom\/wp-json\/wp\/v2\/posts"}],"about":[{"href":"https:\/\/www.ufla.br\/dcom\/wp-json\/wp\/v2\/types\/post"}],"author":[{"embeddable":true,"href":"https:\/\/www.ufla.br\/dcom\/wp-json\/wp\/v2\/users\/6"}],"replies":[{"embeddable":true,"href":"https:\/\/www.ufla.br\/dcom\/wp-json\/wp\/v2\/comments?post=10743"}],"version-history":[{"count":7,"href":"https:\/\/www.ufla.br\/dcom\/wp-json\/wp\/v2\/posts\/10743\/revisions"}],"predecessor-version":[{"id":10746,"href":"https:\/\/www.ufla.br\/dcom\/wp-json\/wp\/v2\/posts\/10743\/revisions\/10746"}],"wp:attachment":[{"href":"https:\/\/www.ufla.br\/dcom\/wp-json\/wp\/v2\/media?parent=10743"}],"wp:term":[{"taxonomy":"category","embeddable":true,"href":"https:\/\/www.ufla.br\/dcom\/wp-json\/wp\/v2\/categories?post=10743"},{"taxonomy":"post_tag","embeddable":true,"href":"https:\/\/www.ufla.br\/dcom\/wp-json\/wp\/v2\/tags?post=10743"}],"curies":[{"name":"wp","href":"https:\/\/api.w.org\/{rel}","templated":true}]}}