{"id":106904,"date":"2016-01-04T17:51:07","date_gmt":"2016-01-04T20:51:07","guid":{"rendered":"http:\/\/www.ufla.br\/ascom\/?p=106904"},"modified":"2016-01-11T13:05:39","modified_gmt":"2016-01-11T16:05:39","slug":"nucli-oferece-oportunidades-em-cursos-de-lingua-inglesa-inscricoes-ate-121","status":"publish","type":"post","link":"https:\/\/www.ufla.br\/dcom\/2016\/01\/04\/nucli-oferece-oportunidades-em-cursos-de-lingua-inglesa-inscricoes-ate-121\/","title":{"rendered":"UFLA oferece oportunidades em cursos de L\u00edngua Inglesa de curta dura\u00e7\u00e3o \u2013 inscri\u00e7\u00f5es at\u00e9 12\/1"},"content":{"rendered":"<figure id=\"attachment_106905\" aria-describedby=\"caption-attachment-106905\" style=\"width: 249px\" class=\"wp-caption alignleft\"><a href=\"http:\/\/www.ufla.br\/ascom\/wp-content\/uploads\/2016\/01\/professores-nucli-alunos.jpg\"><img loading=\"lazy\" decoding=\"async\" class=\"wp-image-106905 size-medium\" src=\"http:\/\/www.ufla.br\/ascom\/wp-content\/uploads\/2016\/01\/professores-nucli-alunos-249x183.jpg\" alt=\"Equipe do NuCli\/UFLA\" width=\"249\" height=\"183\" srcset=\"https:\/\/www.ufla.br\/dcom\/wp-content\/uploads\/2016\/01\/professores-nucli-alunos-249x183.jpg 249w, https:\/\/www.ufla.br\/dcom\/wp-content\/uploads\/2016\/01\/professores-nucli-alunos-612x450.jpg 612w, https:\/\/www.ufla.br\/dcom\/wp-content\/uploads\/2016\/01\/professores-nucli-alunos.jpg 982w\" sizes=\"auto, (max-width: 249px) 100vw, 249px\" \/><\/a><figcaption id=\"caption-attachment-106905\" class=\"wp-caption-text\">Equipe do NucLi\/UFLA<\/figcaption><\/figure>\n<p>O N\u00facleo de L\u00ednguas da Universidade Federal de Lavras (NucLi\/UFLA) divulga \u00e0 comunidade acad\u00eamica as pr\u00f3ximas oportunidades para os cursos em conhecimento da L\u00edngua Inglesa.<\/p>\n<p>O NucLi oferecer\u00e1 18 turmas em diferentes dias e hor\u00e1rios, e os interessados dever\u00e3o se inscrever a partir das 12 horas desta segunda-feira (4\/1) at\u00e9 o dia 12\/1.<\/p>\n<p>Ser\u00e3o oferecidos diferentes cursos com dura\u00e7\u00e3o de quatro semanas (quatro horas por semana, totalizando em 16 horas), sendo:<\/p>\n<ul>\n<li><strong>Habilidades b\u00e1sicas em L\u00edngua Inglesa<\/strong><strong>\u00a0<\/strong><strong>(A2)<\/strong><\/li>\n<li><strong>Conversa\u00e7\u00e3o em L\u00edngua Inglesa: pr\u00e1tica intensiva<\/strong><strong>\u00a0<\/strong><strong>(A2 e B1)<\/strong><\/li>\n<li><strong>Pr\u00e1tica de pron\u00fancia da L\u00edngua Inglesa para intera\u00e7\u00f5es sociais<\/strong><strong>\u00a0<\/strong><strong>(A2 e B1)<\/strong><\/li>\n<li><strong>Culturas de pa\u00edses de L\u00edngua Inglesa atrav\u00e9s de v\u00eddeos<\/strong><strong>\u00a0<\/strong><strong>(B1)<\/strong><\/li>\n<li><strong>Desenvolvendo apresenta\u00e7\u00f5es acad\u00eamicas em L\u00edngua Inglesa<\/strong><strong>\u00a0<\/strong><strong>(B1)<\/strong><\/li>\n<li><strong>L\u00edngua Inglesa para interc\u00e2mbio acad\u00eamico<\/strong><strong>\u00a0<\/strong><strong>(b1)<\/strong><\/li>\n<\/ul>\n<p>Al\u00e9m desses cursos, tamb\u00e9m ser\u00e1 oferecido um de <strong>escrita acad\u00eamica em L\u00edngua Inglesa<\/strong><strong>\u00a0<\/strong><strong>(A2 e B1)<\/strong> com dura\u00e7\u00e3o de oito semanas, sendo quatro horas por semana, totalizando em 32 horas.<\/p>\n<p>Os cursos oferecidos para o n\u00edvel B1 podem ser visualizados pelos candidatos com n\u00edvel B2, pois foram idealizados para tamb\u00e9m atender a esse n\u00edvel de profici\u00eancia.<\/p>\n<p>Os interessados dever\u00e3o se inscrever no site:\u00a0<a href=\"http:\/\/isfaluno.mec.gov.br\/\">isfaluno.mec.gov.br<\/a><\/p>\n<p>Para mais informa\u00e7\u00f5es <a href=\"http:\/\/isf.mec.gov.br\/ingles\/pt-br\/todas-as-noticias\/126-isf-publica-novo-edital-para-cursos-presenciais\">clique aqui<\/a><\/p>\n<p><a href=\"http:\/\/isf.mec.gov.br\/ingles\/images\/2015\/Dezembro\/Edital_35_2015_IsF.pdf\">Link para o edital<\/a><\/p>\n<p>As aulas dos cursos do IsF s\u00e3o conduzidas por uma equipe de professores, bolsistas pela Coordena\u00e7\u00e3o de Aperfei\u00e7oamento de Pessoal de N\u00edvel Superior (Capes). Al\u00e9m de beneficiar os estudantes que frequentam as aulas, o Programa traz bons resultados tamb\u00e9m para essa equipe.<\/p>\n<p><a href=\"http:\/\/www.ufla.br\/ascom\/wp-content\/uploads\/2016\/01\/IsF-UFLA-18-turmas.jpg\"><img loading=\"lazy\" decoding=\"async\" class=\"aligncenter size-large wp-image-106906\" src=\"http:\/\/www.ufla.br\/ascom\/wp-content\/uploads\/2016\/01\/IsF-UFLA-18-turmas-612x385.jpg\" alt=\"IsF UFLA 18 turmas\" width=\"612\" height=\"385\" srcset=\"https:\/\/www.ufla.br\/dcom\/wp-content\/uploads\/2016\/01\/IsF-UFLA-18-turmas-612x385.jpg 612w, https:\/\/www.ufla.br\/dcom\/wp-content\/uploads\/2016\/01\/IsF-UFLA-18-turmas-249x157.jpg 249w, https:\/\/www.ufla.br\/dcom\/wp-content\/uploads\/2016\/01\/IsF-UFLA-18-turmas.jpg 853w\" sizes=\"auto, (max-width: 612px) 100vw, 612px\" \/><\/a><\/p>\n<h5>Camila Caetano &#8211; Jornalista Bolsista\/UFLA<\/h5>\n","protected":false},"excerpt":{"rendered":"<p>O N\u00facleo de L\u00ednguas da Universidade Federal de Lavras (NucLi\/UFLA) divulga \u00e0 comunidade acad\u00eamica as pr\u00f3ximas oportunidades para os cursos em conhecimento da L\u00edngua Inglesa. O NucLi oferecer\u00e1 18 turmas em diferentes dias e hor\u00e1rios, e os interessados dever\u00e3o se inscrever a partir das 12 horas desta segunda-feira (4\/1) at\u00e9 o dia 12\/1. Ser\u00e3o oferecidos &hellip; <a href=\"https:\/\/www.ufla.br\/dcom\/2016\/01\/04\/nucli-oferece-oportunidades-em-cursos-de-lingua-inglesa-inscricoes-ate-121\/\" class=\"more-link\">Continue lendo <span class=\"screen-reader-text\">UFLA oferece oportunidades em cursos de L\u00edngua Inglesa de curta dura\u00e7\u00e3o \u2013 inscri\u00e7\u00f5es at\u00e9 12\/1<\/span> <span class=\"meta-nav\">&rarr;<\/span><\/a><\/p>\n","protected":false},"author":9,"featured_media":0,"comment_status":"closed","ping_status":"closed","sticky":false,"template":"","format":"standard","meta":{"ngg_post_thumbnail":0,"footnotes":""},"categories":[10],"tags":[724,1215],"class_list":["post-106904","post","type-post","status-publish","format-standard","hentry","category-menores","tag-ingles","tag-nucli"],"_links":{"self":[{"href":"https:\/\/www.ufla.br\/dcom\/wp-json\/wp\/v2\/posts\/106904","targetHints":{"allow":["GET"]}}],"collection":[{"href":"https:\/\/www.ufla.br\/dcom\/wp-json\/wp\/v2\/posts"}],"about":[{"href":"https:\/\/www.ufla.br\/dcom\/wp-json\/wp\/v2\/types\/post"}],"author":[{"embeddable":true,"href":"https:\/\/www.ufla.br\/dcom\/wp-json\/wp\/v2\/users\/9"}],"replies":[{"embeddable":true,"href":"https:\/\/www.ufla.br\/dcom\/wp-json\/wp\/v2\/comments?post=106904"}],"version-history":[{"count":3,"href":"https:\/\/www.ufla.br\/dcom\/wp-json\/wp\/v2\/posts\/106904\/revisions"}],"predecessor-version":[{"id":106909,"href":"https:\/\/www.ufla.br\/dcom\/wp-json\/wp\/v2\/posts\/106904\/revisions\/106909"}],"wp:attachment":[{"href":"https:\/\/www.ufla.br\/dcom\/wp-json\/wp\/v2\/media?parent=106904"}],"wp:term":[{"taxonomy":"category","embeddable":true,"href":"https:\/\/www.ufla.br\/dcom\/wp-json\/wp\/v2\/categories?post=106904"},{"taxonomy":"post_tag","embeddable":true,"href":"https:\/\/www.ufla.br\/dcom\/wp-json\/wp\/v2\/tags?post=106904"}],"curies":[{"name":"wp","href":"https:\/\/api.w.org\/{rel}","templated":true}]}}