{"id":10646,"date":"2012-04-22T18:10:42","date_gmt":"2012-04-22T20:10:42","guid":{"rendered":"http:\/\/www.ufla.br\/ascom\/?p=10646"},"modified":"2015-02-25T10:26:36","modified_gmt":"2015-02-25T12:26:36","slug":"nucleo-de-estudos-em-silvicultura-seleciona-novos-integrantes","status":"publish","type":"post","link":"https:\/\/www.ufla.br\/dcom\/2012\/04\/22\/nucleo-de-estudos-em-silvicultura-seleciona-novos-integrantes\/","title":{"rendered":"N\u00facleo de Estudos em Silvicultura seleciona novos integrantes"},"content":{"rendered":"<p><a href=\"http:\/\/www.ufla.br\/ascom\/wp-content\/uploads\/2012\/04\/23.4-nes-ufla.jpg\"><img loading=\"lazy\" decoding=\"async\" class=\"alignleft size-medium wp-image-10647\" title=\"23.4 nes ufla\" src=\"http:\/\/www.ufla.br\/ascom\/wp-content\/uploads\/2012\/04\/23.4-nes-ufla-300x163.jpg\" alt=\"\" width=\"300\" height=\"163\" srcset=\"https:\/\/www.ufla.br\/dcom\/wp-content\/uploads\/2012\/04\/23.4-nes-ufla-300x163.jpg 300w, https:\/\/www.ufla.br\/dcom\/wp-content\/uploads\/2012\/04\/23.4-nes-ufla.jpg 354w\" sizes=\"auto, (max-width: 300px) 100vw, 300px\" \/><\/a>Est\u00e3o abertas as inscri\u00e7\u00f5es para o processo seletivo de novos integrantes do N\u00facleo de Estudos em Silvicultura (NES) para estudantes de gradua\u00e7\u00e3o e p\u00f3s-gradua\u00e7\u00e3o. Os interessados dever\u00e3o entregar uma c\u00f3pia do curr\u00edculo (com e-mail), hist\u00f3rico e carta de apresenta\u00e7\u00e3o, at\u00e9 \u00e0s 16 horas, do dia 4 de maio, no Centro de Excel\u00eancia em Matas Ciliares (Cemac).<\/p>\n<p>Os pr\u00e9-selecionados receber\u00e3o e-mail no dia 7 de maio, com as orienta\u00e7\u00f5es para a entrevista, que ser\u00e1 realizada no dia 10\/5, no Cemac. \u00a0\u00a0\u00a0<\/p>\n<p>Informa\u00e7\u00f5es: <a href=\"mailto:nes.ufla@yahoo.com.br\">nes.ufla@yahoo.com.br<\/a><\/p>\n","protected":false},"excerpt":{"rendered":"<p>Est\u00e3o abertas as inscri\u00e7\u00f5es para o processo seletivo de novos integrantes do N\u00facleo de Estudos em Silvicultura (NES) para estudantes de gradua\u00e7\u00e3o e p\u00f3s-gradua\u00e7\u00e3o. Os interessados dever\u00e3o entregar uma c\u00f3pia do curr\u00edculo (com e-mail), hist\u00f3rico e carta de apresenta\u00e7\u00e3o (&#8230;)<\/p>\n","protected":false},"author":6,"featured_media":0,"comment_status":"closed","ping_status":"closed","sticky":false,"template":"","format":"standard","meta":{"ngg_post_thumbnail":0,"footnotes":""},"categories":[1],"tags":[],"class_list":["post-10646","post","type-post","status-publish","format-standard","hentry","category-noticias"],"_links":{"self":[{"href":"https:\/\/www.ufla.br\/dcom\/wp-json\/wp\/v2\/posts\/10646","targetHints":{"allow":["GET"]}}],"collection":[{"href":"https:\/\/www.ufla.br\/dcom\/wp-json\/wp\/v2\/posts"}],"about":[{"href":"https:\/\/www.ufla.br\/dcom\/wp-json\/wp\/v2\/types\/post"}],"author":[{"embeddable":true,"href":"https:\/\/www.ufla.br\/dcom\/wp-json\/wp\/v2\/users\/6"}],"replies":[{"embeddable":true,"href":"https:\/\/www.ufla.br\/dcom\/wp-json\/wp\/v2\/comments?post=10646"}],"version-history":[{"count":3,"href":"https:\/\/www.ufla.br\/dcom\/wp-json\/wp\/v2\/posts\/10646\/revisions"}],"predecessor-version":[{"id":10649,"href":"https:\/\/www.ufla.br\/dcom\/wp-json\/wp\/v2\/posts\/10646\/revisions\/10649"}],"wp:attachment":[{"href":"https:\/\/www.ufla.br\/dcom\/wp-json\/wp\/v2\/media?parent=10646"}],"wp:term":[{"taxonomy":"category","embeddable":true,"href":"https:\/\/www.ufla.br\/dcom\/wp-json\/wp\/v2\/categories?post=10646"},{"taxonomy":"post_tag","embeddable":true,"href":"https:\/\/www.ufla.br\/dcom\/wp-json\/wp\/v2\/tags?post=10646"}],"curies":[{"name":"wp","href":"https:\/\/api.w.org\/{rel}","templated":true}]}}