{"id":105997,"date":"2015-12-11T11:21:40","date_gmt":"2015-12-11T14:21:40","guid":{"rendered":"http:\/\/www.ufla.br\/ascom\/?p=105997"},"modified":"2015-12-15T14:37:18","modified_gmt":"2015-12-15T17:37:18","slug":"ministerio-universidades-renovadas-mur-realiza-10o-natal-dos-sonhos","status":"publish","type":"post","link":"https:\/\/www.ufla.br\/dcom\/2015\/12\/11\/ministerio-universidades-renovadas-mur-realiza-10o-natal-dos-sonhos\/","title":{"rendered":"Minist\u00e9rio Universidades Renovadas (MUR) realiza 10\u00ba Natal dos Sonhos"},"content":{"rendered":"<p><strong><a href=\"http:\/\/www.ufla.br\/ascom\/wp-content\/uploads\/2015\/12\/Natal-dos-sonhos-capa.jpg\"><img loading=\"lazy\" decoding=\"async\" class=\"alignleft size-medium wp-image-105998\" src=\"http:\/\/www.ufla.br\/ascom\/wp-content\/uploads\/2015\/12\/Natal-dos-sonhos-capa-249x166.jpg\" alt=\"Natal-dos-sonhos-capa\" width=\"249\" height=\"166\" srcset=\"https:\/\/www.ufla.br\/dcom\/wp-content\/uploads\/2015\/12\/Natal-dos-sonhos-capa-249x166.jpg 249w, https:\/\/www.ufla.br\/dcom\/wp-content\/uploads\/2015\/12\/Natal-dos-sonhos-capa-612x408.jpg 612w, https:\/\/www.ufla.br\/dcom\/wp-content\/uploads\/2015\/12\/Natal-dos-sonhos-capa.jpg 2048w\" sizes=\"auto, (max-width: 249px) 100vw, 249px\" \/><\/a>Ora\u00e7\u00e3o e a\u00e7\u00e3o<\/strong> \u2013 Os estudantes do Grupo de Ora\u00e7\u00e3o Universit\u00e1rio (GOU) e profissionais do Grupo de Partilha e Perseveran\u00e7a (GPP), que formam o Minist\u00e9rio Universidades Renovadas (MUR) na Universidade Federal de Lavras (UFLA), fecharam o ano com uma a\u00e7\u00e3o especial de solidariedade: a d\u00e9cima edi\u00e7\u00e3o da campanha \u201cNatal dos Sonhos\u201d. A festa foi realizada no dia 8 de dezembro, na creche CMEI Helena Marani, com muita divers\u00e3o, guloseimas, presente e a presen\u00e7a do Papai Noel,\u00a0que chegou em caminh\u00e3o do Corpo de Bombeiros.<\/p>\n<figure id=\"attachment_106002\" aria-describedby=\"caption-attachment-106002\" style=\"width: 166px\" class=\"wp-caption alignright\"><a href=\"http:\/\/www.ufla.br\/ascom\/wp-content\/uploads\/2015\/12\/Natal-dos-sonhos3.jpg\"><img loading=\"lazy\" decoding=\"async\" class=\"size-medium wp-image-106002\" src=\"http:\/\/www.ufla.br\/ascom\/wp-content\/uploads\/2015\/12\/Natal-dos-sonhos3-166x249.jpg\" alt=\"Surpresa da crian\u00e7a ao ver a chegada do Papai Noel...\" width=\"166\" height=\"249\" srcset=\"https:\/\/www.ufla.br\/dcom\/wp-content\/uploads\/2015\/12\/Natal-dos-sonhos3-166x249.jpg 166w, https:\/\/www.ufla.br\/dcom\/wp-content\/uploads\/2015\/12\/Natal-dos-sonhos3-612x918.jpg 612w, https:\/\/www.ufla.br\/dcom\/wp-content\/uploads\/2015\/12\/Natal-dos-sonhos3.jpg 1365w\" sizes=\"auto, (max-width: 166px) 100vw, 166px\" \/><\/a><figcaption id=\"caption-attachment-106002\" class=\"wp-caption-text\">Surpresa da crian\u00e7a ao ver a chegada do Papai Noel&#8230;<\/figcaption><\/figure>\n<p>O grupo agradece o apoio da comunidade acad\u00eamica na campanha. Para Fernanda Carvalho Costa, uma das organizadoras do Natal dos Sonhos, \u00a0\u00a0a arrecada\u00e7\u00e3o superou as expectativas, com muitos brinquedos doados \u00e0s crian\u00e7as carentes. \u201cO slogan que norteia todo Minist\u00e9rio Universidades Renovadas \u00e9: &#8216;Um sonho de amor para o mundo\u2019, com certeza parte deste sonho foi realizado no ato da campanha, com a colabora\u00e7\u00e3o de cada doador, de cada volunt\u00e1rio\u201d, considerou.<\/p>\n<div><span style=\"color: #000000;\">Os integrantes do Mur agradecem os apoiadores\u00a0e deseja a todos um aben\u00e7oado e santo Natal em fam\u00edlia.<\/span><\/div>\n<p>&nbsp;<\/p>\n<p>&nbsp;<\/p>\n<p><a href=\"https:\/\/drive.google.com\/file\/d\/0B1X6jUprO7DfdERFVTFEcXF3MnM\/view?usp=sharing\">Confira a reportagem da TV Universit\u00e1ria<\/a><\/p>\n<p><a href=\"http:\/\/www.ufla.br\/ascom\/wp-content\/uploads\/2015\/12\/Natal-dos-sonhos.jpg\"><img loading=\"lazy\" decoding=\"async\" class=\"aligncenter size-large wp-image-105999\" src=\"http:\/\/www.ufla.br\/ascom\/wp-content\/uploads\/2015\/12\/Natal-dos-sonhos-612x408.jpg\" alt=\"Natal-dos-sonhos\" width=\"612\" height=\"408\" srcset=\"https:\/\/www.ufla.br\/dcom\/wp-content\/uploads\/2015\/12\/Natal-dos-sonhos-612x408.jpg 612w, https:\/\/www.ufla.br\/dcom\/wp-content\/uploads\/2015\/12\/Natal-dos-sonhos-249x166.jpg 249w, https:\/\/www.ufla.br\/dcom\/wp-content\/uploads\/2015\/12\/Natal-dos-sonhos.jpg 2048w\" sizes=\"auto, (max-width: 612px) 100vw, 612px\" \/><\/a><\/p>\n<p><a href=\"http:\/\/www.ufla.br\/ascom\/wp-content\/uploads\/2015\/12\/Natal-dos-sonhos4.jpg\"><img loading=\"lazy\" decoding=\"async\" class=\"aligncenter size-large wp-image-106000\" src=\"http:\/\/www.ufla.br\/ascom\/wp-content\/uploads\/2015\/12\/Natal-dos-sonhos4-612x408.jpg\" alt=\"Natal-dos-sonhos4\" width=\"612\" height=\"408\" srcset=\"https:\/\/www.ufla.br\/dcom\/wp-content\/uploads\/2015\/12\/Natal-dos-sonhos4-612x408.jpg 612w, https:\/\/www.ufla.br\/dcom\/wp-content\/uploads\/2015\/12\/Natal-dos-sonhos4-249x166.jpg 249w, https:\/\/www.ufla.br\/dcom\/wp-content\/uploads\/2015\/12\/Natal-dos-sonhos4.jpg 2048w\" sizes=\"auto, (max-width: 612px) 100vw, 612px\" \/><\/a><\/p>\n<p><a href=\"http:\/\/www.ufla.br\/ascom\/wp-content\/uploads\/2015\/12\/Natal-dos-sonhos2.jpg\"><img loading=\"lazy\" decoding=\"async\" class=\"aligncenter size-large wp-image-106001\" src=\"http:\/\/www.ufla.br\/ascom\/wp-content\/uploads\/2015\/12\/Natal-dos-sonhos2-612x408.jpg\" alt=\"Natal-dos-sonhos2\" width=\"612\" height=\"408\" srcset=\"https:\/\/www.ufla.br\/dcom\/wp-content\/uploads\/2015\/12\/Natal-dos-sonhos2-612x408.jpg 612w, https:\/\/www.ufla.br\/dcom\/wp-content\/uploads\/2015\/12\/Natal-dos-sonhos2-249x166.jpg 249w, https:\/\/www.ufla.br\/dcom\/wp-content\/uploads\/2015\/12\/Natal-dos-sonhos2.jpg 2048w\" sizes=\"auto, (max-width: 612px) 100vw, 612px\" \/><\/a><\/p>\n<p>&nbsp;<\/p>\n","protected":false},"excerpt":{"rendered":"<p>Ora\u00e7\u00e3o e a\u00e7\u00e3o \u2013 Os estudantes do Grupo de Ora\u00e7\u00e3o Universit\u00e1rio (GOU) e profissionais do Grupo de Partilha e Perseveran\u00e7a (GPP), que formam o Minist\u00e9rio Universidades Renovadas (MUR) na Universidade Federal de Lavras (UFLA), fecharam o ano com uma a\u00e7\u00e3o especial de solidariedade: a d\u00e9cima edi\u00e7\u00e3o da campanha \u201cNatal dos Sonhos\u201d. A festa foi realizada &hellip; <a href=\"https:\/\/www.ufla.br\/dcom\/2015\/12\/11\/ministerio-universidades-renovadas-mur-realiza-10o-natal-dos-sonhos\/\" class=\"more-link\">Continue lendo <span class=\"screen-reader-text\">Minist\u00e9rio Universidades Renovadas (MUR) realiza 10\u00ba Natal dos Sonhos<\/span> <span class=\"meta-nav\">&rarr;<\/span><\/a><\/p>\n","protected":false},"author":6,"featured_media":0,"comment_status":"closed","ping_status":"closed","sticky":false,"template":"","format":"standard","meta":{"ngg_post_thumbnail":0,"footnotes":""},"categories":[10],"tags":[],"class_list":["post-105997","post","type-post","status-publish","format-standard","hentry","category-menores"],"_links":{"self":[{"href":"https:\/\/www.ufla.br\/dcom\/wp-json\/wp\/v2\/posts\/105997","targetHints":{"allow":["GET"]}}],"collection":[{"href":"https:\/\/www.ufla.br\/dcom\/wp-json\/wp\/v2\/posts"}],"about":[{"href":"https:\/\/www.ufla.br\/dcom\/wp-json\/wp\/v2\/types\/post"}],"author":[{"embeddable":true,"href":"https:\/\/www.ufla.br\/dcom\/wp-json\/wp\/v2\/users\/6"}],"replies":[{"embeddable":true,"href":"https:\/\/www.ufla.br\/dcom\/wp-json\/wp\/v2\/comments?post=105997"}],"version-history":[{"count":2,"href":"https:\/\/www.ufla.br\/dcom\/wp-json\/wp\/v2\/posts\/105997\/revisions"}],"predecessor-version":[{"id":106004,"href":"https:\/\/www.ufla.br\/dcom\/wp-json\/wp\/v2\/posts\/105997\/revisions\/106004"}],"wp:attachment":[{"href":"https:\/\/www.ufla.br\/dcom\/wp-json\/wp\/v2\/media?parent=105997"}],"wp:term":[{"taxonomy":"category","embeddable":true,"href":"https:\/\/www.ufla.br\/dcom\/wp-json\/wp\/v2\/categories?post=105997"},{"taxonomy":"post_tag","embeddable":true,"href":"https:\/\/www.ufla.br\/dcom\/wp-json\/wp\/v2\/tags?post=105997"}],"curies":[{"name":"wp","href":"https:\/\/api.w.org\/{rel}","templated":true}]}}