{"id":105621,"date":"2015-12-03T14:50:22","date_gmt":"2015-12-03T17:50:22","guid":{"rendered":"http:\/\/www.ufla.br\/ascom\/?p=105621"},"modified":"2015-12-07T15:45:38","modified_gmt":"2015-12-07T18:45:38","slug":"para-encerrar-o-ano-grupo-teatro-construcao-realiza-apresentacoes-na-ufla","status":"publish","type":"post","link":"https:\/\/www.ufla.br\/dcom\/2015\/12\/03\/para-encerrar-o-ano-grupo-teatro-construcao-realiza-apresentacoes-na-ufla\/","title":{"rendered":"Para encerrar o ano, Grupo Teatro Constru\u00e7\u00e3o realiza apresenta\u00e7\u00f5es na UFLA"},"content":{"rendered":"<p style=\"line-height: 15.75pt; background: white; margin: 12.0pt 0cm .0001pt 0cm;\"><span style=\"font-size: 10.5pt; font-family: 'Arial','sans-serif'; color: #333333; background: white;\"><a href=\"http:\/\/www.ufla.br\/ascom\/wp-content\/uploads\/2015\/12\/GTC.jpg\"><img loading=\"lazy\" decoding=\"async\" class=\"alignleft size-medium wp-image-105622\" src=\"http:\/\/www.ufla.br\/ascom\/wp-content\/uploads\/2015\/12\/GTC-176x249.jpg\" alt=\"GTC\" width=\"176\" height=\"249\" srcset=\"https:\/\/www.ufla.br\/dcom\/wp-content\/uploads\/2015\/12\/GTC-176x249.jpg 176w, https:\/\/www.ufla.br\/dcom\/wp-content\/uploads\/2015\/12\/GTC-612x865.jpg 612w, https:\/\/www.ufla.br\/dcom\/wp-content\/uploads\/2015\/12\/GTC.jpg 679w\" sizes=\"auto, (max-width: 176px) 100vw, 176px\" \/><\/a>O Grupo Teatro Constru\u00e7\u00e3o (GTC) encerra o ano com duas apresenta\u00e7\u00f5es em sequ\u00eancia na pra\u00e7a do c\u00e2mpus hist\u00f3rico da Universidade Federal de Lavras (UFLA). As pe\u00e7as teatrais \u201cRomeu e Julieta\u201d e \u201cO M\u00e9dico Saltador\u201d ser\u00e3o encenadas \u00e0s 20h do dia 12 de dezembro. A entrada \u00e9 franca. <\/span><\/p>\n<p style=\"line-height: 15.75pt; background: white; margin: 12.0pt 0cm .0001pt 0cm;\"><span style=\"font-size: 10.5pt; font-family: 'Arial','sans-serif'; color: #333333; background: white;\">O GTC \u00e9 <\/span><span style=\"font-size: 10.5pt; font-family: 'Arial','sans-serif'; color: #333333;\">um grupo de forma\u00e7\u00e3o, produ\u00e7\u00e3o e apresenta\u00e7\u00e3o teatral que h\u00e1 37 anos coloca o teatro em cartaz nos palcos, ruas e festivais. Com centenas de apresenta\u00e7\u00f5es, 81 montagens e dez pe\u00e7as no repert\u00f3rio atual, o Grupo percorre pra\u00e7as, escolas, universidades e empresas de diversas cidades. No total, s\u00e3o 15 integrantes, entre atores experientes e iniciantes, de todas as idades.<\/span><\/p>\n<p style=\"line-height: 15.75pt; background: white; margin: 12.0pt 0cm .0001pt 0cm;\"><span style=\"font-size: 10.5pt; font-family: 'Arial','sans-serif'; color: #333333;\">Acompanhe os trabalhos do GTC:<\/span><\/p>\n<p style=\"line-height: 15.75pt; background: white; margin: 12.0pt 0cm .0001pt 0cm;\"><a href=\"http:\/\/www.teatroconstrucao.com.br\/\"><strong><span style=\"font-size: 10.5pt; font-family: 'Arial','sans-serif'; color: #084065; text-decoration: none; text-underline: none;\">http:\/\/www.teatroconstrucao.com.br\/<\/span><\/strong><\/a><\/p>\n<p style=\"margin: 0cm; margin-bottom: .0001pt; line-height: 15.75pt; background: white;\"><a href=\"https:\/\/www.facebook.com\/teatroconstrucao\"><strong><span style=\"font-size: 10.5pt; font-family: 'Arial','sans-serif'; color: #084065; text-decoration: none; text-underline: none;\">https:\/\/www.facebook.com\/teatroconstrucao<\/span><\/strong><\/a><\/p>\n<p style=\"margin: 0cm; margin-bottom: .0001pt; line-height: 15.75pt; background: white;\"><a href=\"mailto:gtc@teatroconstrucao.com.br\"><strong><span style=\"font-size: 10.5pt; font-family: 'Arial','sans-serif'; color: #084065; text-decoration: none; text-underline: none;\">gtc@teatroconstrucao.com.br<\/span><\/strong><\/a><\/p>\n<p style=\"margin: 0cm; margin-bottom: .0001pt; line-height: 15.75pt; background: white;\"><strong><span style=\"font-size: 10.5pt; font-family: 'Arial','sans-serif'; color: #333333;\">\u00a0<\/span><\/strong><\/p>\n<p style=\"margin: 0cm; margin-bottom: .0001pt; line-height: 15.75pt; background: white;\"><strong><span style=\"font-size: 10.5pt; font-family: 'Arial','sans-serif'; color: #333333;\">Sinopses dos espet\u00e1culos:<\/span><\/strong><\/p>\n<p style=\"margin: 0cm; margin-bottom: .0001pt; line-height: 15.75pt; background: white;\"><span style=\"font-size: 10.5pt; font-family: 'Arial','sans-serif'; color: #333333;\">\u00a0<\/span><\/p>\n<figure id=\"attachment_87990\" aria-describedby=\"caption-attachment-87990\" style=\"width: 249px\" class=\"wp-caption alignleft\"><a href=\"http:\/\/www.ufla.br\/ascom\/wp-content\/uploads\/2015\/06\/Teatro-Constru\u00e7\u00e3o-Romeu-e-Julieta-2.jpg\"><img loading=\"lazy\" decoding=\"async\" class=\"size-medium wp-image-87990\" src=\"http:\/\/www.ufla.br\/ascom\/wp-content\/uploads\/2015\/06\/Teatro-Constru\u00e7\u00e3o-Romeu-e-Julieta-2-249x187.jpg\" alt=\"A pe\u00e7a &quot;Romeu e Julieta&quot;, j\u00e1 apresentada na UFLA.\" width=\"249\" height=\"187\" srcset=\"https:\/\/www.ufla.br\/dcom\/wp-content\/uploads\/2015\/06\/Teatro-Constru\u00e7\u00e3o-Romeu-e-Julieta-2-249x187.jpg 249w, https:\/\/www.ufla.br\/dcom\/wp-content\/uploads\/2015\/06\/Teatro-Constru\u00e7\u00e3o-Romeu-e-Julieta-2-612x459.jpg 612w\" sizes=\"auto, (max-width: 249px) 100vw, 249px\" \/><\/a><figcaption id=\"caption-attachment-87990\" class=\"wp-caption-text\">A pe\u00e7a &#8220;Romeu e Julieta&#8221;, j\u00e1 apresentada na UFLA.<\/figcaption><\/figure>\n<p style=\"margin: 0cm; margin-bottom: .0001pt; line-height: 15.75pt; background: white;\"><strong><u><span style=\"font-size: 10.5pt; font-family: 'Arial','sans-serif'; color: #333333;\">Romeu e Julieta<\/span><\/u><\/strong><\/p>\n<p style=\"line-height: 15.75pt; background: white; margin: 6.0pt 0cm 6.0pt 0cm;\"><span style=\"font-size: 10.5pt; font-family: 'Arial','sans-serif'; color: #333333;\">Adapta\u00e7\u00e3o: Ernani Augustus<\/span><\/p>\n<p style=\"line-height: 15.75pt; background: white; margin: 6.0pt 0cm 6.0pt 0cm;\"><span style=\"font-size: 10.5pt; font-family: 'Arial','sans-serif'; color: #333333;\">Dire\u00e7\u00e3o: Ricardo Calixto<\/span><\/p>\n<p style=\"line-height: 15.75pt; background: white; margin: 6.0pt 0cm 6.0pt 0cm;\"><span style=\"font-size: 10.5pt; font-family: 'Arial','sans-serif'; color: #333333;\">Elenco: Amanda Ferres, \u00c1tila Nonato, Bruno Borges, Denian Castro, Felipe C\u00e1ceres, Gabriel Amaral, Let\u00edcia Rufato, Malu Guimar\u00e3es, Nina Rufato e Ricardo Calixto.<\/span><\/p>\n<p style=\"margin: 0cm; margin-bottom: .0001pt; line-height: 15.75pt; background: white;\"><span style=\"font-size: 10.5pt; font-family: 'Arial','sans-serif'; color: #333333;\">A pe\u00e7a narra uma trag\u00e9dia: a hist\u00f3ria de amor entre dois jovens de fam\u00edlias rivais &#8211; os Montecchio e os Capuleto.\u00a0A trama de Romeu e Julieta, primeira grande trag\u00e9dia de Shakespeare, \u00e9 baseada em fatos ocorridos na pr\u00f3pria cidade de Verona. A montagem feita pelo Grupo Teatro Constru\u00e7\u00e3o ser\u00e1 uma releitura para palco de rua. O GTC transp\u00f5e a trag\u00e9dia de dois jovens apaixonados para o contexto da cultura popular brasileira, evocada por elementos presentes no cen\u00e1rio, nos adere\u00e7os e na m\u00fasica, que rege toda a pe\u00e7a com uma linguagem inspirada em neologismos.<span class=\"apple-converted-space\">\u00a0<\/span><strong><span style=\"font-family: 'Arial','sans-serif';\">\u00a0<\/span><\/strong><\/span><\/p>\n<p style=\"margin: 0cm; margin-bottom: .0001pt; line-height: 15.75pt; background: white;\"><span style=\"font-size: 10.5pt; font-family: 'Arial','sans-serif'; color: #333333;\">\u00a0<\/span><\/p>\n<figure id=\"attachment_90663\" aria-describedby=\"caption-attachment-90663\" style=\"width: 249px\" class=\"wp-caption alignleft\"><a href=\"http:\/\/www.ufla.br\/ascom\/wp-content\/uploads\/2015\/07\/GTCMEDICOSALTADOR.jpg\"><img loading=\"lazy\" decoding=\"async\" class=\"size-medium wp-image-90663\" src=\"http:\/\/www.ufla.br\/ascom\/wp-content\/uploads\/2015\/07\/GTCMEDICOSALTADOR-249x164.jpg\" alt=\"Pe\u00e7a O M\u00e9dico Saltador\" width=\"249\" height=\"164\" srcset=\"https:\/\/www.ufla.br\/dcom\/wp-content\/uploads\/2015\/07\/GTCMEDICOSALTADOR-249x164.jpg 249w, https:\/\/www.ufla.br\/dcom\/wp-content\/uploads\/2015\/07\/GTCMEDICOSALTADOR-612x403.jpg 612w, https:\/\/www.ufla.br\/dcom\/wp-content\/uploads\/2015\/07\/GTCMEDICOSALTADOR.jpg 720w\" sizes=\"auto, (max-width: 249px) 100vw, 249px\" \/><\/a><figcaption id=\"caption-attachment-90663\" class=\"wp-caption-text\">Pe\u00e7a O M\u00e9dico Saltador<\/figcaption><\/figure>\n<p style=\"margin: 0cm; margin-bottom: .0001pt; line-height: 15.75pt; background: white;\"><strong><u><span style=\"font-size: 10.5pt; font-family: 'Arial','sans-serif'; color: #333333;\">O M\u00e9dico Saltador<\/span><\/u><\/strong><\/p>\n<p style=\"line-height: 15.75pt; background: white; margin: 6.0pt 0cm 6.0pt 0cm;\"><span style=\"font-size: 10.5pt; font-family: 'Arial','sans-serif'; color: #333333;\">Tradu\u00e7\u00e3o e Adapta\u00e7\u00e3o: Ernani Augustus e Ricardo Calixto<\/span><\/p>\n<p style=\"line-height: 15.75pt; background: white; margin: 6.0pt 0cm 6.0pt 0cm;\"><span style=\"font-size: 10.5pt; font-family: 'Arial','sans-serif'; color: #333333;\">Dire\u00e7\u00e3o: Ricardo Calixto<\/span><\/p>\n<p style=\"line-height: 15.75pt; background: white; margin: 6.0pt 0cm 6.0pt 0cm;\"><span style=\"font-size: 10.5pt; font-family: 'Arial','sans-serif'; color: #333333;\">Elenco: Amanda Ferres, Bruno Borges, Denian Castro, Gabriel Amaral, Let\u00edcia Rufato e Ricardo Calixto.<\/span><\/p>\n<p style=\"margin: 0cm; margin-bottom: .0001pt; line-height: 15.75pt; background: white;\"><span style=\"font-size: 10.5pt; font-family: 'Arial','sans-serif'; color: #333333;\">\u00c9 uma pe\u00e7a que fala das impag\u00e1veis perip\u00e9cias de um criado para promover a uni\u00e3o do patr\u00e3o com a sua amada. O escritor tem como caracter\u00edstica marcante satirizar a prec\u00e1ria ci\u00eancia do seu tempo, no caso, a medicina. Atrav\u00e9s de um suave mergulho nos estilos farsescos e da\u00a0<em><span style=\"font-family: 'Arial','sans-serif';\">Commedia dell\u2019Arte,<\/span><\/em>\u00a0o diretor procura mostrar a riqueza abundante em todos os personagens, tornando assim o ato de assistir ao espet\u00e1culo uma brincadeira que nos leva ao encontro de nossas alegrias mais sublimes.<\/span><\/p>\n<p style=\"margin: 0cm; margin-bottom: .0001pt; line-height: 15.75pt; background: white;\">\n<h4><strong><span style=\"font-size: 10.5pt; font-family: 'Arial','sans-serif'; color: #333333; background: white;\">\u00a0<\/span><\/strong><strong><span style=\"font-size: 10.5pt; font-family: 'Arial','sans-serif'; color: #333333; background: white;\">Camila Caetano \u2013 jornalista, bolsista\/UFLA.<\/span><\/strong><\/h4>\n","protected":false},"excerpt":{"rendered":"<p>O Grupo Teatro Constru\u00e7\u00e3o (GTC) encerra o ano com duas apresenta\u00e7\u00f5es em sequ\u00eancia na pra\u00e7a do c\u00e2mpus hist\u00f3rico da Universidade Federal de Lavras (UFLA). As pe\u00e7as teatrais \u201cRomeu e Julieta\u201d e \u201cO M\u00e9dico Saltador\u201d ser\u00e3o encenadas \u00e0s 20h do dia 12 de dezembro. A entrada \u00e9 franca. O GTC \u00e9 um grupo de forma\u00e7\u00e3o, produ\u00e7\u00e3o &hellip; <a href=\"https:\/\/www.ufla.br\/dcom\/2015\/12\/03\/para-encerrar-o-ano-grupo-teatro-construcao-realiza-apresentacoes-na-ufla\/\" class=\"more-link\">Continue lendo <span class=\"screen-reader-text\">Para encerrar o ano, Grupo Teatro Constru\u00e7\u00e3o realiza apresenta\u00e7\u00f5es na UFLA<\/span> <span class=\"meta-nav\">&rarr;<\/span><\/a><\/p>\n","protected":false},"author":9,"featured_media":0,"comment_status":"closed","ping_status":"closed","sticky":false,"template":"","format":"standard","meta":{"ngg_post_thumbnail":0,"footnotes":""},"categories":[1,10],"tags":[],"class_list":["post-105621","post","type-post","status-publish","format-standard","hentry","category-noticias","category-menores"],"_links":{"self":[{"href":"https:\/\/www.ufla.br\/dcom\/wp-json\/wp\/v2\/posts\/105621","targetHints":{"allow":["GET"]}}],"collection":[{"href":"https:\/\/www.ufla.br\/dcom\/wp-json\/wp\/v2\/posts"}],"about":[{"href":"https:\/\/www.ufla.br\/dcom\/wp-json\/wp\/v2\/types\/post"}],"author":[{"embeddable":true,"href":"https:\/\/www.ufla.br\/dcom\/wp-json\/wp\/v2\/users\/9"}],"replies":[{"embeddable":true,"href":"https:\/\/www.ufla.br\/dcom\/wp-json\/wp\/v2\/comments?post=105621"}],"version-history":[{"count":5,"href":"https:\/\/www.ufla.br\/dcom\/wp-json\/wp\/v2\/posts\/105621\/revisions"}],"predecessor-version":[{"id":105627,"href":"https:\/\/www.ufla.br\/dcom\/wp-json\/wp\/v2\/posts\/105621\/revisions\/105627"}],"wp:attachment":[{"href":"https:\/\/www.ufla.br\/dcom\/wp-json\/wp\/v2\/media?parent=105621"}],"wp:term":[{"taxonomy":"category","embeddable":true,"href":"https:\/\/www.ufla.br\/dcom\/wp-json\/wp\/v2\/categories?post=105621"},{"taxonomy":"post_tag","embeddable":true,"href":"https:\/\/www.ufla.br\/dcom\/wp-json\/wp\/v2\/tags?post=105621"}],"curies":[{"name":"wp","href":"https:\/\/api.w.org\/{rel}","templated":true}]}}