{"id":105108,"date":"2015-11-24T08:25:34","date_gmt":"2015-11-24T11:25:34","guid":{"rendered":"http:\/\/www.ufla.br\/ascom\/?p=105108"},"modified":"2015-11-25T16:12:59","modified_gmt":"2015-11-25T19:12:59","slug":"campanha-de-arrecadacao-de-brinquedos-natal-dos-sonhos-lanca-10a-edicao-contribua","status":"publish","type":"post","link":"https:\/\/www.ufla.br\/dcom\/2015\/11\/24\/campanha-de-arrecadacao-de-brinquedos-natal-dos-sonhos-lanca-10a-edicao-contribua\/","title":{"rendered":"Campanha de arrecada\u00e7\u00e3o de brinquedos \u201cNatal dos Sonhos\u201d lan\u00e7a 10\u00aa edi\u00e7\u00e3o &#8211; contribua"},"content":{"rendered":"<p><a href=\"http:\/\/www.ufla.br\/ascom\/wp-content\/uploads\/2015\/11\/natal-dos-sonhos-2015.jpg\"><img loading=\"lazy\" decoding=\"async\" class=\"alignright size-medium wp-image-105109\" src=\"http:\/\/www.ufla.br\/ascom\/wp-content\/uploads\/2015\/11\/natal-dos-sonhos-2015-177x249.jpg\" alt=\"natal-dos-sonhos-2015\" width=\"177\" height=\"249\" srcset=\"https:\/\/www.ufla.br\/dcom\/wp-content\/uploads\/2015\/11\/natal-dos-sonhos-2015-177x249.jpg 177w, https:\/\/www.ufla.br\/dcom\/wp-content\/uploads\/2015\/11\/natal-dos-sonhos-2015-612x861.jpg 612w\" sizes=\"auto, (max-width: 177px) 100vw, 177px\" \/><\/a>O Minist\u00e9rio Universidades Renovadas, formado pelos Grupos de Ora\u00e7\u00e3o Universit\u00e1rios (GOU\u2019s) e Grupos de Partilha e Perseveran\u00e7a (GPP\u2019s), lan\u00e7ou nessa segunda-feira (23)\u00a0a 10\u00aa campanha\u00a0<strong>\u201cNatal\u00a0dos Sonhos\u201d<\/strong>.\u00a0Essa iniciativa tem buscado contemplar uma creche municipal, a cada ano, com a entrega de brinquedos arrecadados nas universidades e faculdades da cidade.<\/p>\n<p>A campanha deste ano contemplar\u00e1 o\u00a0Centro Municipal de Educa\u00e7\u00e3o Infantil Helena Marani,\u00a0localizado no Bairro S\u00e3o Vicente, frequentada por 128 crian\u00e7as de seis meses a tr\u00eas anos de idade. Entre\u00a0os dias\u00a023 de novembro\u00a0e\u00a07 de dezembro, os organizadores\u00a0esperam arrecadar brinquedos adequados para a faixa et\u00e1ria, ou ainda alguma contribui\u00e7\u00e3o financeira destinada para a compra de brinquedos para que cada crian\u00e7a receba seu presente de\u00a0Natal.<\/p>\n<p>No dia\u00a08 de dezembro\u00a0ser\u00e1 realizada a entrega dos brinquedos na creche, com a chegada do Papai Noel, lanches e brincadeiras no local. Todos os doadores s\u00e3o convidados a participar da festa de entrega, num ato de solidariedade \u00e0s crian\u00e7as carentes de Lavras.<\/p>\n<p>Para fazer a doa\u00e7\u00e3o basta entrar em contato com um dos respons\u00e1veis pela campanha, que ir\u00e1 receb\u00ea-la. A campanha Natal dos Sonhos arrecada brinquedos adequados \u00e0 idade das crian\u00e7as e contribui\u00e7\u00f5es financeiras.<\/p>\n<p><strong>Contatos:<\/strong><\/p>\n<ul>\n<li>Fernanda Costa \u2013\u00a0<a href=\"mailto:fecostapur@gmail.com\">fecostapur@gmail.com<\/a>\u00a0ou\u00a0(35) 98854-8511<\/li>\n<li>Rafaela Bastos \u2013\u00a0<a href=\"mailto:rafaelabastospereira@gmail.com\">rafaelabastospereira@gmail.com<\/a>\u00a0ou\u00a0(35) 99162-4003<\/li>\n<\/ul>\n<p>&nbsp;<\/p>\n","protected":false},"excerpt":{"rendered":"<p>O Minist\u00e9rio Universidades Renovadas, formado pelos Grupos de Ora\u00e7\u00e3o Universit\u00e1rios (GOU\u2019s) e Grupos de Partilha e Perseveran\u00e7a (GPP\u2019s), lan\u00e7ou nessa segunda-feira (23)\u00a0a 10\u00aa campanha\u00a0\u201cNatal\u00a0dos Sonhos\u201d.\u00a0Essa iniciativa tem buscado contemplar uma creche municipal, a cada ano, com a entrega de brinquedos arrecadados nas universidades e faculdades da cidade. A campanha deste ano contemplar\u00e1 o\u00a0Centro Municipal de &hellip; <a href=\"https:\/\/www.ufla.br\/dcom\/2015\/11\/24\/campanha-de-arrecadacao-de-brinquedos-natal-dos-sonhos-lanca-10a-edicao-contribua\/\" class=\"more-link\">Continue lendo <span class=\"screen-reader-text\">Campanha de arrecada\u00e7\u00e3o de brinquedos \u201cNatal dos Sonhos\u201d lan\u00e7a 10\u00aa edi\u00e7\u00e3o &#8211; contribua<\/span> <span class=\"meta-nav\">&rarr;<\/span><\/a><\/p>\n","protected":false},"author":8,"featured_media":0,"comment_status":"closed","ping_status":"closed","sticky":false,"template":"","format":"standard","meta":{"ngg_post_thumbnail":0,"footnotes":""},"categories":[1,10],"tags":[1390,321],"class_list":["post-105108","post","type-post","status-publish","format-standard","hentry","category-noticias","category-menores","tag-campanha-natal","tag-solidariedade"],"_links":{"self":[{"href":"https:\/\/www.ufla.br\/dcom\/wp-json\/wp\/v2\/posts\/105108","targetHints":{"allow":["GET"]}}],"collection":[{"href":"https:\/\/www.ufla.br\/dcom\/wp-json\/wp\/v2\/posts"}],"about":[{"href":"https:\/\/www.ufla.br\/dcom\/wp-json\/wp\/v2\/types\/post"}],"author":[{"embeddable":true,"href":"https:\/\/www.ufla.br\/dcom\/wp-json\/wp\/v2\/users\/8"}],"replies":[{"embeddable":true,"href":"https:\/\/www.ufla.br\/dcom\/wp-json\/wp\/v2\/comments?post=105108"}],"version-history":[{"count":1,"href":"https:\/\/www.ufla.br\/dcom\/wp-json\/wp\/v2\/posts\/105108\/revisions"}],"predecessor-version":[{"id":105110,"href":"https:\/\/www.ufla.br\/dcom\/wp-json\/wp\/v2\/posts\/105108\/revisions\/105110"}],"wp:attachment":[{"href":"https:\/\/www.ufla.br\/dcom\/wp-json\/wp\/v2\/media?parent=105108"}],"wp:term":[{"taxonomy":"category","embeddable":true,"href":"https:\/\/www.ufla.br\/dcom\/wp-json\/wp\/v2\/categories?post=105108"},{"taxonomy":"post_tag","embeddable":true,"href":"https:\/\/www.ufla.br\/dcom\/wp-json\/wp\/v2\/tags?post=105108"}],"curies":[{"name":"wp","href":"https:\/\/api.w.org\/{rel}","templated":true}]}}