{"id":104751,"date":"2015-11-10T15:36:54","date_gmt":"2015-11-10T18:36:54","guid":{"rendered":"http:\/\/www.ufla.br\/ascom\/?p=104751"},"modified":"2015-11-17T08:07:45","modified_gmt":"2015-11-17T11:07:45","slug":"estudante-da-ufla-organiza-mais-um-encontro-do-orgulho-crespo-em-lavras","status":"publish","type":"post","link":"https:\/\/www.ufla.br\/dcom\/2015\/11\/10\/estudante-da-ufla-organiza-mais-um-encontro-do-orgulho-crespo-em-lavras\/","title":{"rendered":"Estudante da UFLA organiza mais um Encontro do Orgulho Crespo em Lavras"},"content":{"rendered":"<figure id=\"attachment_104752\" aria-describedby=\"caption-attachment-104752\" style=\"width: 249px\" class=\"wp-caption alignright\"><a href=\"http:\/\/www.ufla.br\/ascom\/wp-content\/uploads\/2015\/11\/DIVULGACAO_ENCONTROCRESPO.jpg\"><img loading=\"lazy\" decoding=\"async\" class=\"wp-image-104752 size-medium\" src=\"http:\/\/www.ufla.br\/ascom\/wp-content\/uploads\/2015\/11\/DIVULGACAO_ENCONTROCRESPO-249x156.jpg\" alt=\"DIVULGACAO_ENCONTROCRESPO\" width=\"249\" height=\"156\" srcset=\"https:\/\/www.ufla.br\/dcom\/wp-content\/uploads\/2015\/11\/DIVULGACAO_ENCONTROCRESPO-249x156.jpg 249w, https:\/\/www.ufla.br\/dcom\/wp-content\/uploads\/2015\/11\/DIVULGACAO_ENCONTROCRESPO-612x384.jpg 612w, https:\/\/www.ufla.br\/dcom\/wp-content\/uploads\/2015\/11\/DIVULGACAO_ENCONTROCRESPO.jpg 720w\" sizes=\"auto, (max-width: 249px) 100vw, 249px\" \/><\/a><figcaption id=\"caption-attachment-104752\" class=\"wp-caption-text\">Foto: Sebasti\u00e3o Filho.<\/figcaption><\/figure>\n<p>O estudante de Educa\u00e7\u00e3o F\u00edsica da Universidade Federal de Lavras (UFLA) e atleta do Cria Lavras, Cleyson Duarte, mais conhecido como Zulu, organiza o 2\u00ba Encontro do Orgulho Crespo em Lavras, que ser\u00e1 no dia 28 de novembro, \u00e0s 15h, na Pra\u00e7a Doutor Augusto Silva.<\/p>\n<p>No primeiro evento, realizado em setembro deste ano, aproximadamente 200 pessoas compareceram \u00e0\u00a0Pra\u00e7a Doutor Augusto Silva, participando de oficinas de tran\u00e7a raiz, turbantes, pinturas, al\u00e9m de muita m\u00fasica e ativismo.<\/p>\n<p>\u201cA ideia surgiu em uma conversa informal sobre empoderamento negro, o evento da marcha do orgulho crespo e do\u00a0<em>afropunk<\/em>, que \u00e9 um evento de cultura negra com bastante visibilidade. Com isso veio a proposta\u00a0de fazer um encontro semelhante em Lavras\u201d, comenta Zulu, destacando que teve a contribui\u00e7\u00e3o fundamental de Pablo Diego, integrante da trupe de teatro Causart.<\/p>\n<p>Assim, ele criou um evento na rede social, que em poucos dias alcan\u00e7ou um grande n\u00famero de pessoas que simpatizaram com a iniciativa e confirmaram presen\u00e7a. Para Zulu, o objetivo foi \u201cencrespar homens e mulheres, resignificando o termo crespo, tendo o cabelo como meio de afirma\u00e7\u00e3o de identidade e cultura\u201d.<\/p>\n<p>Durante o primeiro evento, outros estudantes da UFLA tamb\u00e9m participaram: Clara Mitre e Leticia Nara fizeram os registros, Marcos Diniz e Lorrayne Gabriele ajudaram na narra\u00e7\u00e3o, e Fernanda Senna no som.<\/p>\n<p>Neste segundo encontro, o evento promete ser ainda mais forte, visto que novembro \u00e9 o m\u00eas da Consci\u00eancia Negra no Brasil. &#8220;Encrespar \u00e9 voc\u00ea assumir o seu cabelo e o texto que ele quer dizer. Quem me olha sabe que sou um homem\/mulher negr@ e que estou consciente disso em qualquer espa\u00e7o que eu esteja!&#8221;, destaca a chamada para o evento.<\/p>\n<h5><strong>Camila Caetano \u2013 jornalista, bolsista\/UFLA.<\/strong><\/h5>\n","protected":false},"excerpt":{"rendered":"<p>O estudante de Educa\u00e7\u00e3o F\u00edsica da Universidade Federal de Lavras (UFLA) e atleta do Cria Lavras, Cleyson Duarte, mais conhecido como Zulu, organiza o 2\u00ba Encontro do Orgulho Crespo em Lavras, que ser\u00e1 no dia 28 de novembro, \u00e0s 15h, na Pra\u00e7a Doutor Augusto Silva. No primeiro evento, realizado em setembro deste ano, aproximadamente 200 &hellip; <a href=\"https:\/\/www.ufla.br\/dcom\/2015\/11\/10\/estudante-da-ufla-organiza-mais-um-encontro-do-orgulho-crespo-em-lavras\/\" class=\"more-link\">Continue lendo <span class=\"screen-reader-text\">Estudante da UFLA organiza mais um Encontro do Orgulho Crespo em Lavras<\/span> <span class=\"meta-nav\">&rarr;<\/span><\/a><\/p>\n","protected":false},"author":11,"featured_media":0,"comment_status":"closed","ping_status":"closed","sticky":false,"template":"","format":"standard","meta":{"ngg_post_thumbnail":0,"footnotes":""},"categories":[1,10],"tags":[],"class_list":["post-104751","post","type-post","status-publish","format-standard","hentry","category-noticias","category-menores"],"_links":{"self":[{"href":"https:\/\/www.ufla.br\/dcom\/wp-json\/wp\/v2\/posts\/104751","targetHints":{"allow":["GET"]}}],"collection":[{"href":"https:\/\/www.ufla.br\/dcom\/wp-json\/wp\/v2\/posts"}],"about":[{"href":"https:\/\/www.ufla.br\/dcom\/wp-json\/wp\/v2\/types\/post"}],"author":[{"embeddable":true,"href":"https:\/\/www.ufla.br\/dcom\/wp-json\/wp\/v2\/users\/11"}],"replies":[{"embeddable":true,"href":"https:\/\/www.ufla.br\/dcom\/wp-json\/wp\/v2\/comments?post=104751"}],"version-history":[{"count":1,"href":"https:\/\/www.ufla.br\/dcom\/wp-json\/wp\/v2\/posts\/104751\/revisions"}],"predecessor-version":[{"id":104753,"href":"https:\/\/www.ufla.br\/dcom\/wp-json\/wp\/v2\/posts\/104751\/revisions\/104753"}],"wp:attachment":[{"href":"https:\/\/www.ufla.br\/dcom\/wp-json\/wp\/v2\/media?parent=104751"}],"wp:term":[{"taxonomy":"category","embeddable":true,"href":"https:\/\/www.ufla.br\/dcom\/wp-json\/wp\/v2\/categories?post=104751"},{"taxonomy":"post_tag","embeddable":true,"href":"https:\/\/www.ufla.br\/dcom\/wp-json\/wp\/v2\/tags?post=104751"}],"curies":[{"name":"wp","href":"https:\/\/api.w.org\/{rel}","templated":true}]}}