{"id":104699,"date":"2015-11-09T15:15:30","date_gmt":"2015-11-09T18:15:30","guid":{"rendered":"http:\/\/www.ufla.br\/ascom\/?p=104699"},"modified":"2015-11-27T03:03:26","modified_gmt":"2015-11-27T06:03:26","slug":"disciplina-propriedade-intelectual-e-oferecida-pelo-nintec","status":"publish","type":"post","link":"https:\/\/www.ufla.br\/dcom\/2015\/11\/09\/disciplina-propriedade-intelectual-e-oferecida-pelo-nintec\/","title":{"rendered":"Disciplina Propriedade Intelectual \u00e9 oferecida para p\u00f3s-graduandos"},"content":{"rendered":"<figure id=\"attachment_104700\" aria-describedby=\"caption-attachment-104700\" style=\"width: 249px\" class=\"wp-caption alignright\"><a href=\"http:\/\/www.ufla.br\/ascom\/wp-content\/uploads\/2015\/11\/disciplina-nintec.jpg\"><img loading=\"lazy\" decoding=\"async\" class=\"wp-image-104700 size-medium\" src=\"http:\/\/www.ufla.br\/ascom\/wp-content\/uploads\/2015\/11\/disciplina-nintec-249x166.jpg\" alt=\"disciplina-nintec\" width=\"249\" height=\"166\" srcset=\"https:\/\/www.ufla.br\/dcom\/wp-content\/uploads\/2015\/11\/disciplina-nintec-249x166.jpg 249w, https:\/\/www.ufla.br\/dcom\/wp-content\/uploads\/2015\/11\/disciplina-nintec-612x408.jpg 612w, https:\/\/www.ufla.br\/dcom\/wp-content\/uploads\/2015\/11\/disciplina-nintec.jpg 1296w\" sizes=\"auto, (max-width: 249px) 100vw, 249px\" \/><\/a><figcaption id=\"caption-attachment-104700\" class=\"wp-caption-text\">Primeiro m\u00f3dulo de teoria, com Evelyn Albuquerque<\/figcaption><\/figure>\n<p>O N\u00facleo de Inova\u00e7\u00e3o Tecnol\u00f3gica (Nintec), vinculado \u00e0 Pr\u00f3-Reitoria de Pesquisa (PRP), oferece, a partir deste per\u00edodo, a disciplina \u201c<strong>Propriedade Intelectual<\/strong>\u201d para discentes iniciantes do mestrado e doutorado.<\/p>\n<p>A cria\u00e7\u00e3o da disciplina, obrigat\u00f3ria para os cursos de mestrado e doutorado, foi desenvolvida como forma de propagar a import\u00e2ncia da prote\u00e7\u00e3o do conhecimento gerado na Universidade. Os alunos est\u00e3o sendo orientados a inclu\u00ed-la no in\u00edcio de seu curso, pois \u00e9 pertinente que os temas abordados sejam de conhecimento dos mesmos antes de se iniciarem as pesquisas e n\u00e3o depois de publicados artigos e similares, pois qualquer esp\u00e9cie de divulga\u00e7\u00e3o descaracteriza o quesito novidade das tecnologias que possuam possibilidade de prote\u00e7\u00e3o junto ao Instituto Nacional de Propriedade Intelectual (INPI).<\/p>\n<figure id=\"attachment_104701\" aria-describedby=\"caption-attachment-104701\" style=\"width: 249px\" class=\"wp-caption alignleft\"><a href=\"http:\/\/www.ufla.br\/ascom\/wp-content\/uploads\/2015\/11\/disciplina-nintec1.jpg\"><img loading=\"lazy\" decoding=\"async\" class=\"wp-image-104701 size-medium\" src=\"http:\/\/www.ufla.br\/ascom\/wp-content\/uploads\/2015\/11\/disciplina-nintec1-249x166.jpg\" alt=\"disciplina-nintec1\" width=\"249\" height=\"166\" srcset=\"https:\/\/www.ufla.br\/dcom\/wp-content\/uploads\/2015\/11\/disciplina-nintec1-249x166.jpg 249w, https:\/\/www.ufla.br\/dcom\/wp-content\/uploads\/2015\/11\/disciplina-nintec1-612x408.jpg 612w, https:\/\/www.ufla.br\/dcom\/wp-content\/uploads\/2015\/11\/disciplina-nintec1.jpg 1296w\" sizes=\"auto, (max-width: 249px) 100vw, 249px\" \/><\/a><figcaption id=\"caption-attachment-104701\" class=\"wp-caption-text\">Segundo m\u00f3dulo, com M\u00f4nica Prado<\/figcaption><\/figure>\n<p>Para o curso dessa disciplina n\u00e3o \u00e9 exigido qualquer pr\u00e9-requisito e ser\u00e1 aceito um n\u00famero m\u00e1ximo de 45 discentes por turma. Possui um cr\u00e9dito e carga hor\u00e1ria de 15 horas, divididas em 4 horas de aula presencial e 11 horas de trabalho pr\u00e1tico desenvolvido em grupo.<\/p>\n<p>As aulas das primeiras turmas ocorrem no per\u00edodo de 6 de novembro a 17 de dezembro no audit\u00f3rio da Incubadora de Empresas de Base Tecnol\u00f3gica da UFLA (Inbatec). Quem ainda n\u00e3o se inscreveu e tiver interesse deve procurar o coordenador do seu curso para a matr\u00edcula no p\u00f3s-grade. Em seguida, o coordenador dever\u00e1 entrar em contato com o Nintec para a defini\u00e7\u00e3o da turma. A efetiva\u00e7\u00e3o da matricula ficar\u00e1 condicionada \u00e0 disponibilidade de vagas. At\u00e9 o momento, as sete primeiras turmas contam com 204 alunos.<\/p>\n<p>Outras informa\u00e7\u00f5es pelo telefone: 3829-1591.<\/p>\n<h5>Amanda Castro &#8211; Jornalista. Assessoria de Inova\u00e7\u00e3o e Empreendedorismo da UFLA<\/h5>\n<p>&nbsp;<\/p>\n","protected":false},"excerpt":{"rendered":"<p>O N\u00facleo de Inova\u00e7\u00e3o Tecnol\u00f3gica (Nintec) oferece, a partir deste per\u00edodo, a disciplina \u201cPropriedade Intelectual\u201d para discentes iniciantes do mestrado e doutorado.<\/p>\n","protected":false},"author":11,"featured_media":0,"comment_status":"closed","ping_status":"closed","sticky":false,"template":"","format":"standard","meta":{"ngg_post_thumbnail":0,"footnotes":""},"categories":[1],"tags":[201,170,781],"class_list":["post-104699","post","type-post","status-publish","format-standard","hentry","category-noticias","tag-empreendedorismo","tag-inovacao-2","tag-propriedade-intelectual"],"_links":{"self":[{"href":"https:\/\/www.ufla.br\/dcom\/wp-json\/wp\/v2\/posts\/104699","targetHints":{"allow":["GET"]}}],"collection":[{"href":"https:\/\/www.ufla.br\/dcom\/wp-json\/wp\/v2\/posts"}],"about":[{"href":"https:\/\/www.ufla.br\/dcom\/wp-json\/wp\/v2\/types\/post"}],"author":[{"embeddable":true,"href":"https:\/\/www.ufla.br\/dcom\/wp-json\/wp\/v2\/users\/11"}],"replies":[{"embeddable":true,"href":"https:\/\/www.ufla.br\/dcom\/wp-json\/wp\/v2\/comments?post=104699"}],"version-history":[{"count":3,"href":"https:\/\/www.ufla.br\/dcom\/wp-json\/wp\/v2\/posts\/104699\/revisions"}],"predecessor-version":[{"id":104762,"href":"https:\/\/www.ufla.br\/dcom\/wp-json\/wp\/v2\/posts\/104699\/revisions\/104762"}],"wp:attachment":[{"href":"https:\/\/www.ufla.br\/dcom\/wp-json\/wp\/v2\/media?parent=104699"}],"wp:term":[{"taxonomy":"category","embeddable":true,"href":"https:\/\/www.ufla.br\/dcom\/wp-json\/wp\/v2\/categories?post=104699"},{"taxonomy":"post_tag","embeddable":true,"href":"https:\/\/www.ufla.br\/dcom\/wp-json\/wp\/v2\/tags?post=104699"}],"curies":[{"name":"wp","href":"https:\/\/api.w.org\/{rel}","templated":true}]}}