{"id":10431,"date":"2012-04-13T11:14:51","date_gmt":"2012-04-13T13:14:51","guid":{"rendered":"http:\/\/www.ufla.br\/ascom\/?p=10431"},"modified":"2015-02-23T16:36:29","modified_gmt":"2015-02-23T18:36:29","slug":"projeto-atividade-fisica-e-saude-para-a-vida-promove-manha-de-atividades-no-lar-augusto-silva","status":"publish","type":"post","link":"https:\/\/www.ufla.br\/dcom\/2012\/04\/13\/projeto-atividade-fisica-e-saude-para-a-vida-promove-manha-de-atividades-no-lar-augusto-silva\/","title":{"rendered":"Projeto \u201cAtividade F\u00edsica e Sa\u00fade para a Vida\u201d promove manh\u00e3 de atividades no Lar Augusto Silva"},"content":{"rendered":"<h6><a href=\"http:\/\/www.ufla.br\/ascom\/wp-content\/uploads\/2012\/04\/DSC02256.jpg\"><img loading=\"lazy\" decoding=\"async\" class=\"alignleft size-medium wp-image-10432\" title=\"DSC02256\" alt=\"\" src=\"http:\/\/www.ufla.br\/ascom\/wp-content\/uploads\/2012\/04\/DSC02256-300x225.jpg\" width=\"300\" height=\"225\" srcset=\"https:\/\/www.ufla.br\/dcom\/wp-content\/uploads\/2012\/04\/DSC02256-300x225.jpg 300w, https:\/\/www.ufla.br\/dcom\/wp-content\/uploads\/2012\/04\/DSC02256.jpg 640w\" sizes=\"auto, (max-width: 300px) 100vw, 300px\" \/><\/a><\/h6>\n<p>Integrantes do projeto de extens\u00e3o \u201cAtividade F\u00edsica e Sa\u00fade para a Vida\u201d e do Rotaract Lavras visitaram o Lar Augusto Silva na manh\u00e3 do dia 31 de mar\u00e7o. Nesse dia, eles realizaram a Manh\u00e3 Ativa, programa\u00e7\u00e3o voltada para os idosos acolhidos pelo Lar.<\/p>\n<p>Alongamento e atividades recreativas adaptadas para pessoas da terceira idade fizeram parte da programa\u00e7\u00e3o, com o objetivo de contribuir para a qualidade de vida, acolher, levar alegria e socializar os participantes.<\/p>\n<p><a href=\"http:\/\/www.ufla.br\/ascom\/wp-content\/uploads\/2012\/04\/DSC02261.jpg\"><img loading=\"lazy\" decoding=\"async\" class=\"alignright size-medium wp-image-10433\" title=\"DSC02261\" alt=\"\" src=\"http:\/\/www.ufla.br\/ascom\/wp-content\/uploads\/2012\/04\/DSC02261-300x225.jpg\" width=\"300\" height=\"225\" srcset=\"https:\/\/www.ufla.br\/dcom\/wp-content\/uploads\/2012\/04\/DSC02261-300x225.jpg 300w, https:\/\/www.ufla.br\/dcom\/wp-content\/uploads\/2012\/04\/DSC02261.jpg 640w\" sizes=\"auto, (max-width: 300px) 100vw, 300px\" \/><\/a>A atividade foi bastante v\u00e1lida, de acordo com a coordenadora do projeto, professora Priscila Carneiro Valim Rogatto. Ela ressaltou a inten\u00e7\u00e3o de realizar atividades similares periodicamente e incluindo outras institui\u00e7\u00f5es, se poss\u00edvel.<\/p>\n<p>&nbsp;<\/p>\n","protected":false},"excerpt":{"rendered":"<p>Integrantes do projeto de extens\u00e3o \u201cAtividade F\u00edsica e Sa\u00fade para a Vida\u201d e do Rotaract Lavras visitaram o Lar Augusto Silva na manh\u00e3 do dia 31 de mar\u00e7o. Nesse dia, eles realizaram a Manh\u00e3 Ativa, programa\u00e7\u00e3o voltada para os (&#8230;)<\/p>\n","protected":false},"author":8,"featured_media":0,"comment_status":"closed","ping_status":"closed","sticky":false,"template":"","format":"standard","meta":{"ngg_post_thumbnail":0,"footnotes":""},"categories":[1],"tags":[],"class_list":["post-10431","post","type-post","status-publish","format-standard","hentry","category-noticias"],"_links":{"self":[{"href":"https:\/\/www.ufla.br\/dcom\/wp-json\/wp\/v2\/posts\/10431","targetHints":{"allow":["GET"]}}],"collection":[{"href":"https:\/\/www.ufla.br\/dcom\/wp-json\/wp\/v2\/posts"}],"about":[{"href":"https:\/\/www.ufla.br\/dcom\/wp-json\/wp\/v2\/types\/post"}],"author":[{"embeddable":true,"href":"https:\/\/www.ufla.br\/dcom\/wp-json\/wp\/v2\/users\/8"}],"replies":[{"embeddable":true,"href":"https:\/\/www.ufla.br\/dcom\/wp-json\/wp\/v2\/comments?post=10431"}],"version-history":[{"count":7,"href":"https:\/\/www.ufla.br\/dcom\/wp-json\/wp\/v2\/posts\/10431\/revisions"}],"predecessor-version":[{"id":10438,"href":"https:\/\/www.ufla.br\/dcom\/wp-json\/wp\/v2\/posts\/10431\/revisions\/10438"}],"wp:attachment":[{"href":"https:\/\/www.ufla.br\/dcom\/wp-json\/wp\/v2\/media?parent=10431"}],"wp:term":[{"taxonomy":"category","embeddable":true,"href":"https:\/\/www.ufla.br\/dcom\/wp-json\/wp\/v2\/categories?post=10431"},{"taxonomy":"post_tag","embeddable":true,"href":"https:\/\/www.ufla.br\/dcom\/wp-json\/wp\/v2\/tags?post=10431"}],"curies":[{"name":"wp","href":"https:\/\/api.w.org\/{rel}","templated":true}]}}