{"id":10391,"date":"2012-04-12T10:46:38","date_gmt":"2012-04-12T12:46:38","guid":{"rendered":"http:\/\/www.ufla.br\/ascom\/?p=10391"},"modified":"2015-02-23T16:36:41","modified_gmt":"2015-02-23T18:36:41","slug":"ufla-elege-novos-representantes-para-conselhos-superiores-veja-listagem-dos-eleitos","status":"publish","type":"post","link":"https:\/\/www.ufla.br\/dcom\/2012\/04\/12\/ufla-elege-novos-representantes-para-conselhos-superiores-veja-listagem-dos-eleitos\/","title":{"rendered":"UFLA elege novos representantes para Conselhos Superiores \u2013 Veja listagem dos eleitos"},"content":{"rendered":"<h6>Cibele Aguiar<\/h6>\n<p><a href=\"http:\/\/www.ufla.br\/ascom\/wp-content\/uploads\/2012\/04\/elei\u00e7\u00f5es-conselhos.jpg\"><img loading=\"lazy\" decoding=\"async\" class=\"alignleft size-full wp-image-10392\" title=\"elei\u00e7\u00f5es conselhos\" src=\"http:\/\/www.ufla.br\/ascom\/wp-content\/uploads\/2012\/04\/elei\u00e7\u00f5es-conselhos.jpg\" alt=\"\" width=\"299\" height=\"220\" \/><\/a>Nessa quarta-feira (11), a comunidade acad\u00eamica da Universidade Federal de Lavras (UFLA) \u2013 professores (270 votantes) e t\u00e9cnicos administrativos (251 Votantes) \u2013 foi \u00e0s urnas para eleger os representantes no Conselho Universit\u00e1rio (Cuni), Conselho de Ensino, Pesquisa e Extens\u00e3o (Cepe) e Conselho de Curadores. \u00a0<\/p>\n<p>Para o Cuni, foram eleitos quatro representantes dos professores titulares, quatro dos professores associados, dois dos professores adjuntos, um dos professores assistentes e sete representantes dos servidores t\u00e9cnico-administrativos. O mandato \u00e9 de dois anos.<\/p>\n<p>Para o Cepe, a elei\u00e7\u00e3o definiu dois representantes dos servidores t\u00e9cnico-administrativos, com mandato de dois anos. J\u00e1 para o Conselho de Curadores, apenas um representante dos servidores t\u00e9cnico-administrativos, com mandato de dois anos, foi eleito. Juntamente com os membros representantes, foram eleitos suplentes.<\/p>\n<p>A elei\u00e7\u00e3o para representantes dos estudantes de p\u00f3s-gradua\u00e7\u00e3o no Cuni e Cepe ser\u00e1 realizada na Cantina Central, no dia 27 de abril. O Edital de convoca\u00e7\u00e3o ser\u00e1 lan\u00e7ado em breve. Os estudantes de gradua\u00e7\u00e3o ter\u00e3o elei\u00e7\u00f5es para representantes nos Conselhos Superiores no m\u00eas de junho, quando o mandato dos atuais representantes ser\u00e1 encerrado.<\/p>\n<p><a href=\"http:\/\/www.ufla.br\/ascom\/wp-content\/uploads\/2012\/04\/APURA\u00c7\u00c3O+para+divulga\u00e7\u00e3o-1.pdf\">Veja a lista dos representantes eleitos<\/a><\/p>\n<p>&nbsp;<\/p>\n<p>&nbsp;<\/p>\n","protected":false},"excerpt":{"rendered":"<p>Nessa quarta-feira (11), a comunidade acad\u00eamica da Universidade Federal de Lavras (UFLA) \u2013 professores (270 votantes) e t\u00e9cnicos administrativos (251 Votantes) \u2013 foi \u00e0s urnas para eleger os representantes nos Conselhos Superiores: Cuni, Cepe e Curadores. (&#8230;)<\/p>\n","protected":false},"author":6,"featured_media":0,"comment_status":"closed","ping_status":"closed","sticky":false,"template":"","format":"standard","meta":{"ngg_post_thumbnail":0,"footnotes":""},"categories":[1],"tags":[664],"class_list":["post-10391","post","type-post","status-publish","format-standard","hentry","category-noticias","tag-conselhos-superiores"],"_links":{"self":[{"href":"https:\/\/www.ufla.br\/dcom\/wp-json\/wp\/v2\/posts\/10391","targetHints":{"allow":["GET"]}}],"collection":[{"href":"https:\/\/www.ufla.br\/dcom\/wp-json\/wp\/v2\/posts"}],"about":[{"href":"https:\/\/www.ufla.br\/dcom\/wp-json\/wp\/v2\/types\/post"}],"author":[{"embeddable":true,"href":"https:\/\/www.ufla.br\/dcom\/wp-json\/wp\/v2\/users\/6"}],"replies":[{"embeddable":true,"href":"https:\/\/www.ufla.br\/dcom\/wp-json\/wp\/v2\/comments?post=10391"}],"version-history":[{"count":6,"href":"https:\/\/www.ufla.br\/dcom\/wp-json\/wp\/v2\/posts\/10391\/revisions"}],"predecessor-version":[{"id":10429,"href":"https:\/\/www.ufla.br\/dcom\/wp-json\/wp\/v2\/posts\/10391\/revisions\/10429"}],"wp:attachment":[{"href":"https:\/\/www.ufla.br\/dcom\/wp-json\/wp\/v2\/media?parent=10391"}],"wp:term":[{"taxonomy":"category","embeddable":true,"href":"https:\/\/www.ufla.br\/dcom\/wp-json\/wp\/v2\/categories?post=10391"},{"taxonomy":"post_tag","embeddable":true,"href":"https:\/\/www.ufla.br\/dcom\/wp-json\/wp\/v2\/tags?post=10391"}],"curies":[{"name":"wp","href":"https:\/\/api.w.org\/{rel}","templated":true}]}}