{"id":102880,"date":"2015-10-21T16:27:36","date_gmt":"2015-10-21T19:27:36","guid":{"rendered":"http:\/\/www.ufla.br\/ascom\/?p=102880"},"modified":"2015-10-23T14:33:11","modified_gmt":"2015-10-23T17:33:11","slug":"atletas-do-cria-conquistam-medalha-de-prata-nos-jogos-universitarios-brasileiros","status":"publish","type":"post","link":"https:\/\/www.ufla.br\/dcom\/2015\/10\/21\/atletas-do-cria-conquistam-medalha-de-prata-nos-jogos-universitarios-brasileiros\/","title":{"rendered":"Atletas do Cria conquistam medalha de prata nos Jogos Universit\u00e1rios Brasileiros"},"content":{"rendered":"<figure id=\"attachment_102881\" aria-describedby=\"caption-attachment-102881\" style=\"width: 199px\" class=\"wp-caption alignright\"><a href=\"http:\/\/www.ufla.br\/ascom\/wp-content\/uploads\/2015\/10\/cria_jubs.jpg\"><img loading=\"lazy\" decoding=\"async\" class=\"size-medium wp-image-102881\" src=\"http:\/\/www.ufla.br\/ascom\/wp-content\/uploads\/2015\/10\/cria_jubs-199x249.jpg\" alt=\"Atletas do CRIA no Jubs. Foto: Luiz Pires\/ Confedera\u00e7\u00e3o Brasileira do Desporto Universit\u00e1rio\" width=\"199\" height=\"249\" srcset=\"https:\/\/www.ufla.br\/dcom\/wp-content\/uploads\/2015\/10\/cria_jubs-199x249.jpg 199w, https:\/\/www.ufla.br\/dcom\/wp-content\/uploads\/2015\/10\/cria_jubs.jpg 576w\" sizes=\"auto, (max-width: 199px) 100vw, 199px\" \/><\/a><figcaption id=\"caption-attachment-102881\" class=\"wp-caption-text\">Atletas do CRIA no Jubs. Foto: Luiz Pires\/ Confedera\u00e7\u00e3o Brasileira do Desporto Universit\u00e1rio<\/figcaption><\/figure>\n<p>Mais uma vez os atletas do Centro Regional de Inicia\u00e7\u00e3o ao Atletismo (Cria) tiveram destaque. Dessa vez, foi nos Jogos Universit\u00e1rios Brasileiros (JUBs), que iniciou no dia 14 de outubro e ocorre at\u00e9 o pr\u00f3ximo domingo (25\/10), em Uberl\u00e2ndia (MG).<\/p>\n<p>Na categoria adulto universit\u00e1rio, as atletas Ingrid Ellen e Janine Souza conseguiram a medalha de prata, nas provas de heptatlo e 100 metros com barreiras, respectivamente.<\/p>\n<p>Tamb\u00e9m tiveram destaque na competi\u00e7\u00e3o Pedro de Oliveira que conseguiu o quarto lugar no decatlo, e Pamela Silva, a sexta colocada no salto triplo feminino.<\/p>\n<p>Esta \u00e9 a 63\u00aa edi\u00e7\u00e3o do evento numa parceria entre Minist\u00e9rio dos Esportes, Governo Estadual e Prefeitura Municipal. S\u00e3o 13 modalidades masculinas e femininas, e ao todo, participam 520 institui\u00e7\u00f5es de ensino superior e 58 mil atletas de 18 a 24 anos.<\/p>\n<p><strong>Cria <\/strong><\/p>\n<figure id=\"attachment_102882\" aria-describedby=\"caption-attachment-102882\" style=\"width: 249px\" class=\"wp-caption alignleft\"><a href=\"http:\/\/www.ufla.br\/ascom\/wp-content\/uploads\/2015\/10\/cria_janine_credito_Luiz-Pires.jpg\"><img loading=\"lazy\" decoding=\"async\" class=\"size-medium wp-image-102882\" src=\"http:\/\/www.ufla.br\/ascom\/wp-content\/uploads\/2015\/10\/cria_janine_credito_Luiz-Pires-249x158.jpg\" alt=\"Janine Souza conquista a medalha de prata, nos 100 metros com barreiras. Foto: Luiz Pires\/ Confedera\u00e7\u00e3o Brasileira do Desporto Universit\u00e1rio\" width=\"249\" height=\"158\" srcset=\"https:\/\/www.ufla.br\/dcom\/wp-content\/uploads\/2015\/10\/cria_janine_credito_Luiz-Pires-249x158.jpg 249w, https:\/\/www.ufla.br\/dcom\/wp-content\/uploads\/2015\/10\/cria_janine_credito_Luiz-Pires-612x388.jpg 612w, https:\/\/www.ufla.br\/dcom\/wp-content\/uploads\/2015\/10\/cria_janine_credito_Luiz-Pires.jpg 720w\" sizes=\"auto, (max-width: 249px) 100vw, 249px\" \/><\/a><figcaption id=\"caption-attachment-102882\" class=\"wp-caption-text\">Janine Souza conquista a medalha de prata, nos 100 metros com barreiras. Foto: Luiz Pires\/ Confedera\u00e7\u00e3o Brasileira do Desporto Universit\u00e1rio<\/figcaption><\/figure>\n<p>No projeto, cerca de 550 crian\u00e7as e jovens de escolas p\u00fablicas de Lavras e outras oito cidades da regi\u00e3o desenvolvem atividades esportivas, especialmente nas modalidades do atletismo. Ao todo, mais de 20 mil crian\u00e7as participaram do projeto, desde sua cria\u00e7\u00e3o em 2008. Em 2012, tornou-se\u00a0Centro de Descoberta de Talentos da\u00a0Confedera\u00e7\u00e3o Brasileira de Atletismo (CBAt).<\/p>\n<p>&nbsp;<\/p>\n<h5><strong>Texto: Camila Caetano \u2013 jornalista, bolsista\/UFLA<\/strong><\/h5>\n","protected":false},"excerpt":{"rendered":"<p>Mais uma vez os atletas do Centro Regional de Inicia\u00e7\u00e3o ao Atletismo (Cria) tiveram destaque. Dessa vez, foi nos Jogos Universit\u00e1rios Brasileiros (JUBs), que iniciou no dia 14 de outubro e ocorre at\u00e9 o pr\u00f3ximo domingo (25\/10), em Uberl\u00e2ndia (MG). Na categoria adulto universit\u00e1rio, as atletas Ingrid Ellen e Janine Souza conseguiram a medalha de &hellip; <a href=\"https:\/\/www.ufla.br\/dcom\/2015\/10\/21\/atletas-do-cria-conquistam-medalha-de-prata-nos-jogos-universitarios-brasileiros\/\" class=\"more-link\">Continue lendo <span class=\"screen-reader-text\">Atletas do Cria conquistam medalha de prata nos Jogos Universit\u00e1rios Brasileiros<\/span> <span class=\"meta-nav\">&rarr;<\/span><\/a><\/p>\n","protected":false},"author":11,"featured_media":0,"comment_status":"closed","ping_status":"closed","sticky":false,"template":"","format":"standard","meta":{"ngg_post_thumbnail":0,"footnotes":""},"categories":[1,10],"tags":[],"class_list":["post-102880","post","type-post","status-publish","format-standard","hentry","category-noticias","category-menores"],"_links":{"self":[{"href":"https:\/\/www.ufla.br\/dcom\/wp-json\/wp\/v2\/posts\/102880","targetHints":{"allow":["GET"]}}],"collection":[{"href":"https:\/\/www.ufla.br\/dcom\/wp-json\/wp\/v2\/posts"}],"about":[{"href":"https:\/\/www.ufla.br\/dcom\/wp-json\/wp\/v2\/types\/post"}],"author":[{"embeddable":true,"href":"https:\/\/www.ufla.br\/dcom\/wp-json\/wp\/v2\/users\/11"}],"replies":[{"embeddable":true,"href":"https:\/\/www.ufla.br\/dcom\/wp-json\/wp\/v2\/comments?post=102880"}],"version-history":[{"count":1,"href":"https:\/\/www.ufla.br\/dcom\/wp-json\/wp\/v2\/posts\/102880\/revisions"}],"predecessor-version":[{"id":102883,"href":"https:\/\/www.ufla.br\/dcom\/wp-json\/wp\/v2\/posts\/102880\/revisions\/102883"}],"wp:attachment":[{"href":"https:\/\/www.ufla.br\/dcom\/wp-json\/wp\/v2\/media?parent=102880"}],"wp:term":[{"taxonomy":"category","embeddable":true,"href":"https:\/\/www.ufla.br\/dcom\/wp-json\/wp\/v2\/categories?post=102880"},{"taxonomy":"post_tag","embeddable":true,"href":"https:\/\/www.ufla.br\/dcom\/wp-json\/wp\/v2\/tags?post=102880"}],"curies":[{"name":"wp","href":"https:\/\/api.w.org\/{rel}","templated":true}]}}