{"id":102873,"date":"2015-10-21T16:00:36","date_gmt":"2015-10-21T19:00:36","guid":{"rendered":"http:\/\/www.ufla.br\/ascom\/?p=102873"},"modified":"2015-10-21T16:00:36","modified_gmt":"2015-10-21T19:00:36","slug":"dicas-de-portugues-meio-meia-e-uso-do-hifen","status":"publish","type":"post","link":"https:\/\/www.ufla.br\/dcom\/2015\/10\/21\/dicas-de-portugues-meio-meia-e-uso-do-hifen\/","title":{"rendered":"Dicas de portugu\u00eas:  meio, meia e uso do H\u00edfen"},"content":{"rendered":"<p>Algumas perguntas que me foram recentemente:<\/p>\n<ul>\n<li>Gostaria de saber em que casos utilizo o meia e em que casos utilizo o meio?<\/li>\n<\/ul>\n<p><strong>Meio adjetivo<\/strong><\/p>\n<p>A palavra meio (= metade) varia no feminino e plural quando precede um substantivo:<\/p>\n<p>Cem mil toneladas de carne representam o consumo nacional de meio m\u00eas .<\/p>\n<p>Ganhou meia gleba de terra.<\/p>\n<p>Por favor, deixe de meias palavras .<\/p>\n<p>Em tais casos, faz-se a concord\u00e2ncia em g\u00eanero e n\u00famero mesmo que o substantivo esteja subentendido, como se verifica em \u201cmeia hora\u201d:<\/p>\n<p>\u00c0 meia-noite e meia (hora) apagavam-se as luzes do povoado.<\/p>\n<p>O almo\u00e7o deve ser servido ao meio-dia e meia .<\/p>\n<p><strong>Meio adv\u00e9rbio<br \/>\n<\/strong><br \/>\nCom o significado de &#8220;um tanto, um pouco, quase&#8221;, acompanha um adjetivo e fica invari\u00e1vel:<\/p>\n<p>As portas ficaram meio abertas. Ela est\u00e1 meio tonta . S\u00e3o meio tolos .<\/p>\n<p>&nbsp;<\/p>\n<ul>\n<li>Quando uso h\u00edfen nas express\u00f5es que t\u00eam MEIO?<\/li>\n<\/ul>\n<p><strong>Meio em substantivo composto<br \/>\n<\/strong><br \/>\nA forma\u00e7\u00e3o composta leva h\u00edfen; e sendo um adjetivo, meio flexiona conforme o substantivo:<\/p>\n<p>A maior parte da sua pintura \u00e9 feita em meios-tons.<\/p>\n<p>Outros exemplos: \u00e0 meia-luz , de meia-tigela , roupa de meia-esta\u00e7\u00e3o , \u00e9 um meio-termo , pessoa de meia-idade , nesse meio-tempo,\u00a0 os meios-fios , s\u00e3o meios-irm\u00e3os.<\/p>\n<p>S\u00f3 se configura um substantivo composto quando os dois elementos realmente formam um conjunto indissoci\u00e1vel, o que n\u00e3o me parece ser o caso de \u201cmeia entrada\u201d, que no entanto se encontra hifenizada no VOLP 2009 [comprar\/pagar meia-entrada]. J\u00e1 em \u201cmeio per\u00edodo\u201d n\u00e3o se constata o h\u00edfen \u2013 aqui \u201cmeio\u201d \u00e9 um adjetivo usado no seu sentido literal [a metade] e independente:<\/p>\n<p>S\u00f3 tenho disponibilidade para trabalhar meio per\u00edodo, e n\u00e3o o per\u00edodo integral.<br \/>\nFonte: <a href=\"http:\/\/www.linguabrasil.com.br\">www.linguabrasil.com.br<\/a> (com adapta\u00e7\u00f5es)<\/p>\n<p>Sugest\u00f5es e quest\u00f5es: Paulo Roberto Ribeiro &#8211; <a href=\"mailto:prr@ascom.ufla.br\">prr@ascom.ufla.br<\/a><\/p>\n<p>Ascom<\/p>\n","protected":false},"excerpt":{"rendered":"<p>Algumas perguntas que me foram recentemente: Gostaria de saber em que casos utilizo o meia e em que casos utilizo o meio? Meio adjetivo A palavra meio (= metade) varia no feminino e plural quando precede um substantivo: Cem mil toneladas de carne representam o consumo nacional de meio m\u00eas . Ganhou meia gleba de &hellip; <a href=\"https:\/\/www.ufla.br\/dcom\/2015\/10\/21\/dicas-de-portugues-meio-meia-e-uso-do-hifen\/\" class=\"more-link\">Continue lendo <span class=\"screen-reader-text\">Dicas de portugu\u00eas:  meio, meia e uso do H\u00edfen<\/span> <span class=\"meta-nav\">&rarr;<\/span><\/a><\/p>\n","protected":false},"author":6,"featured_media":0,"comment_status":"closed","ping_status":"closed","sticky":false,"template":"","format":"standard","meta":{"ngg_post_thumbnail":0,"footnotes":""},"categories":[10],"tags":[1386],"class_list":["post-102873","post","type-post","status-publish","format-standard","hentry","category-menores","tag-portugues"],"_links":{"self":[{"href":"https:\/\/www.ufla.br\/dcom\/wp-json\/wp\/v2\/posts\/102873","targetHints":{"allow":["GET"]}}],"collection":[{"href":"https:\/\/www.ufla.br\/dcom\/wp-json\/wp\/v2\/posts"}],"about":[{"href":"https:\/\/www.ufla.br\/dcom\/wp-json\/wp\/v2\/types\/post"}],"author":[{"embeddable":true,"href":"https:\/\/www.ufla.br\/dcom\/wp-json\/wp\/v2\/users\/6"}],"replies":[{"embeddable":true,"href":"https:\/\/www.ufla.br\/dcom\/wp-json\/wp\/v2\/comments?post=102873"}],"version-history":[{"count":1,"href":"https:\/\/www.ufla.br\/dcom\/wp-json\/wp\/v2\/posts\/102873\/revisions"}],"predecessor-version":[{"id":102874,"href":"https:\/\/www.ufla.br\/dcom\/wp-json\/wp\/v2\/posts\/102873\/revisions\/102874"}],"wp:attachment":[{"href":"https:\/\/www.ufla.br\/dcom\/wp-json\/wp\/v2\/media?parent=102873"}],"wp:term":[{"taxonomy":"category","embeddable":true,"href":"https:\/\/www.ufla.br\/dcom\/wp-json\/wp\/v2\/categories?post=102873"},{"taxonomy":"post_tag","embeddable":true,"href":"https:\/\/www.ufla.br\/dcom\/wp-json\/wp\/v2\/tags?post=102873"}],"curies":[{"name":"wp","href":"https:\/\/api.w.org\/{rel}","templated":true}]}}