{"id":102844,"date":"2015-10-21T09:45:04","date_gmt":"2015-10-21T12:45:04","guid":{"rendered":"http:\/\/www.ufla.br\/ascom\/?p=102844"},"modified":"2015-10-23T10:13:07","modified_gmt":"2015-10-23T13:13:07","slug":"lavrastec-prefeito-de-lavras-e-assessor-de-inovacao-e-empreendedorismo-da-ufla-visitam-obras","status":"publish","type":"post","link":"https:\/\/www.ufla.br\/dcom\/2015\/10\/21\/lavrastec-prefeito-de-lavras-e-assessor-de-inovacao-e-empreendedorismo-da-ufla-visitam-obras\/","title":{"rendered":"Lavrastec: prefeito municipal e assessor de Inova\u00e7\u00e3o da UFLA visitam obras"},"content":{"rendered":"<figure id=\"attachment_102845\" aria-describedby=\"caption-attachment-102845\" style=\"width: 249px\" class=\"wp-caption alignleft\"><a href=\"http:\/\/www.ufla.br\/ascom\/wp-content\/uploads\/2015\/10\/silas-costa-e-luiz-gonzaga.jpg\"><img loading=\"lazy\" decoding=\"async\" class=\"size-medium wp-image-102845\" src=\"http:\/\/www.ufla.br\/ascom\/wp-content\/uploads\/2015\/10\/silas-costa-e-luiz-gonzaga-249x165.jpg\" alt=\"Prefeito de Lavras, Silas Costa Pereira, e o assessor de Inova\u00e7\u00e3o da UFLA, prof. Luiz Gonzaga de Castro J\u00fanior, na Inovacaf\u00e9\" width=\"249\" height=\"165\" srcset=\"https:\/\/www.ufla.br\/dcom\/wp-content\/uploads\/2015\/10\/silas-costa-e-luiz-gonzaga-249x165.jpg 249w, https:\/\/www.ufla.br\/dcom\/wp-content\/uploads\/2015\/10\/silas-costa-e-luiz-gonzaga-612x405.jpg 612w, https:\/\/www.ufla.br\/dcom\/wp-content\/uploads\/2015\/10\/silas-costa-e-luiz-gonzaga.jpg 960w\" sizes=\"auto, (max-width: 249px) 100vw, 249px\" \/><\/a><figcaption id=\"caption-attachment-102845\" class=\"wp-caption-text\">Prefeito de Lavras, Silas Costa Pereira, e o assessor de Inova\u00e7\u00e3o da UFLA, prof. Luiz Gonzaga de Castro J\u00fanior, na Inovacaf\u00e9<\/figcaption><\/figure>\n<p>O Parque Cient\u00edfico e Tecnol\u00f3gico de Lavras (Lavrastec) recebeu a visita do prefeito de Lavras, Silas Costa Pereira, no \u00faltimo dia 16. A visita foi acompanhada pelo assessor de Inova\u00e7\u00e3o e Empreendedorismo da UFLA, professor Luiz Gonzaga de Castro J\u00fanior, e teve por objetivo acompanhar o andamento das obras na Parque.<\/p>\n<p>O prefeito e o anfitri\u00e3o visitaram, al\u00e9m das obras do Parque, a Ag\u00eancia de Inova\u00e7\u00e3o do Caf\u00e9 (InovaCaf\u00e9) e a sede administrativa do N\u00facleo de Inova\u00e7\u00e3o Tecnol\u00f3gica (<a href=\"http:\/\/www.nintec.ufla.br\/\">Nintec<\/a>), que tamb\u00e9m abriga a Incubadora de Empresas de Base Tecnol\u00f3gica (Inbatec\/UFLA) e a sede administrativa do Lavrastec.<\/p>\n<p>Segundo o assessor, a visita do prefeito foi \u201cbastante positiva: o prefeito visitou todas as instala\u00e7\u00f5es do Lavrastec, fez diversas perguntas sobre as empresas que ir\u00e3o participar do Parque, sobre as estruturas e a parte de apoio a ser oferecido a elas\u201d.\u00a0 Luiz Gonzaga ressaltou ainda que acredita que \u201co Parque ser\u00e1 o grande diferencial da inser\u00e7\u00e3o da UFLA no mercado. \u00c9 ele quem vai criar essa interface, ser\u00e1 o catalizador da curltura empreendedora na Universidade. O fato de abrigar empresas grandes, com alto grau de inova\u00e7\u00e3o, vinculandas \u00e0 UFLA, dar\u00e1 uma din\u00e2mica diferenciada para a cria\u00e7\u00e3o da cultura e do ecossistema inovador e empreendedor e, concomitante, isso ir\u00e1 ampliar a renda da sociedade e melhorar o n\u00edvel de emprego da comunidade\u201d, destacou.<\/p>\n<figure id=\"attachment_102846\" aria-describedby=\"caption-attachment-102846\" style=\"width: 249px\" class=\"wp-caption alignright\"><a href=\"http:\/\/www.ufla.br\/ascom\/wp-content\/uploads\/2015\/10\/lavrastec-outubro-2015.jpg\"><img loading=\"lazy\" decoding=\"async\" class=\"wp-image-102846 size-medium\" src=\"http:\/\/www.ufla.br\/ascom\/wp-content\/uploads\/2015\/10\/lavrastec-outubro-2015-249x166.jpg\" alt=\"lavrastec-outubro-2015\" width=\"249\" height=\"166\" srcset=\"https:\/\/www.ufla.br\/dcom\/wp-content\/uploads\/2015\/10\/lavrastec-outubro-2015-249x166.jpg 249w, https:\/\/www.ufla.br\/dcom\/wp-content\/uploads\/2015\/10\/lavrastec-outubro-2015-612x408.jpg 612w, https:\/\/www.ufla.br\/dcom\/wp-content\/uploads\/2015\/10\/lavrastec-outubro-2015.jpg 800w\" sizes=\"auto, (max-width: 249px) 100vw, 249px\" \/><\/a><figcaption id=\"caption-attachment-102846\" class=\"wp-caption-text\">Estrutura do Lavrastec em constru\u00e7\u00e3o<\/figcaption><\/figure>\n<p>O Parque tem por objetivo impulsionar a promo\u00e7\u00e3o e o desenvolvimento da pesquisa e da inova\u00e7\u00e3o tecnol\u00f3gica, al\u00e9m de propiciar a gera\u00e7\u00e3o de oportunidades no munic\u00edpio de Lavras e regi\u00e3o. Dessa forma, almeja atrair empresas que invistam em Pesquisa, Desenvolvimento e Inova\u00e7\u00e3o (PD&amp;I) de produtos, servi\u00e7os e processos inovadores voltados para Agroneg\u00f3cio nas \u00e1reas de Biotecnologia, Tecnologia da Informa\u00e7\u00e3o, Tecnologia e Gest\u00e3o Ambiental e Engenharias.<\/p>\n<p><strong>Hist\u00f3rico<\/strong><\/p>\n<p>O Parque Cient\u00edfico e Tecnol\u00f3gico de Lavras surgiu no ano de 2005 atrav\u00e9s do programa de Implanta\u00e7\u00e3o de Parques Tecnol\u00f3gicos do Governo de Minas Gerais. O projeto resultou em uma parceria entre a Universidade Federal de Lavras (UFLA), a Prefeitura Municipal de Lavras e a Secretaria de Estado de Ci\u00eancia, Tecnologia e Ensino Superior (Sectes-MG). Com as obras em andamento, o Parque tem conclus\u00e3o prevista para o ano de 2016. A estrutura dever\u00e1 atrair empresas-\u00e2ncora para a instala\u00e7\u00e3o de centros de pesquisa e desenvolvimento, al\u00e9m de abrigar as empresas j\u00e1 em processo de incuba\u00e7\u00e3o, empresas juniores articuladas na Universidade e outras, que se qualifiquem no processo para implanta\u00e7\u00e3o no Parque.<\/p>\n<h5>Amanda Castro &#8211; jornalista. Assessoria de Inova\u00e7\u00e3o e Empreendedorismo da UFLA<\/h5>\n<p>&nbsp;<\/p>\n","protected":false},"excerpt":{"rendered":"<p>O Parque Cient\u00edfico e Tecnol\u00f3gico de Lavras (Lavrastec) recebeu a visita do prefeito de Lavras, Silas Costa Pereira, no \u00faltimo dia 16. A visita foi acompanhada pelo assessor de Inova\u00e7\u00e3o e Empreendedorismo da UFLA, professor Luiz Gonzaga de Castro J\u00fanior, e teve por objetivo acompanhar o andamento das obras na Parque. O prefeito e o &hellip; <a href=\"https:\/\/www.ufla.br\/dcom\/2015\/10\/21\/lavrastec-prefeito-de-lavras-e-assessor-de-inovacao-e-empreendedorismo-da-ufla-visitam-obras\/\" class=\"more-link\">Continue lendo <span class=\"screen-reader-text\">Lavrastec: prefeito municipal e assessor de Inova\u00e7\u00e3o da UFLA visitam obras<\/span> <span class=\"meta-nav\">&rarr;<\/span><\/a><\/p>\n","protected":false},"author":9,"featured_media":0,"comment_status":"closed","ping_status":"closed","sticky":false,"template":"","format":"standard","meta":{"ngg_post_thumbnail":0,"footnotes":""},"categories":[1,10],"tags":[201,170,721],"class_list":["post-102844","post","type-post","status-publish","format-standard","hentry","category-noticias","category-menores","tag-empreendedorismo","tag-inovacao-2","tag-lavrastec"],"_links":{"self":[{"href":"https:\/\/www.ufla.br\/dcom\/wp-json\/wp\/v2\/posts\/102844","targetHints":{"allow":["GET"]}}],"collection":[{"href":"https:\/\/www.ufla.br\/dcom\/wp-json\/wp\/v2\/posts"}],"about":[{"href":"https:\/\/www.ufla.br\/dcom\/wp-json\/wp\/v2\/types\/post"}],"author":[{"embeddable":true,"href":"https:\/\/www.ufla.br\/dcom\/wp-json\/wp\/v2\/users\/9"}],"replies":[{"embeddable":true,"href":"https:\/\/www.ufla.br\/dcom\/wp-json\/wp\/v2\/comments?post=102844"}],"version-history":[{"count":4,"href":"https:\/\/www.ufla.br\/dcom\/wp-json\/wp\/v2\/posts\/102844\/revisions"}],"predecessor-version":[{"id":102850,"href":"https:\/\/www.ufla.br\/dcom\/wp-json\/wp\/v2\/posts\/102844\/revisions\/102850"}],"wp:attachment":[{"href":"https:\/\/www.ufla.br\/dcom\/wp-json\/wp\/v2\/media?parent=102844"}],"wp:term":[{"taxonomy":"category","embeddable":true,"href":"https:\/\/www.ufla.br\/dcom\/wp-json\/wp\/v2\/categories?post=102844"},{"taxonomy":"post_tag","embeddable":true,"href":"https:\/\/www.ufla.br\/dcom\/wp-json\/wp\/v2\/tags?post=102844"}],"curies":[{"name":"wp","href":"https:\/\/api.w.org\/{rel}","templated":true}]}}