{"id":102841,"date":"2015-10-21T09:26:36","date_gmt":"2015-10-21T12:26:36","guid":{"rendered":"http:\/\/www.ufla.br\/ascom\/?p=102841"},"modified":"2015-10-23T10:30:11","modified_gmt":"2015-10-23T13:30:11","slug":"confira-o-resultado-das-eleicoes-para-representantes-no-cuni-conselho-de-curadores-e-cpa","status":"publish","type":"post","link":"https:\/\/www.ufla.br\/dcom\/2015\/10\/21\/confira-o-resultado-das-eleicoes-para-representantes-no-cuni-conselho-de-curadores-e-cpa\/","title":{"rendered":"Confira o resultado das elei\u00e7\u00f5es para representantes no Cuni, Conselho de Curadores e CPA"},"content":{"rendered":"<p><a href=\"http:\/\/www.ufla.br\/ascom\/wp-content\/uploads\/2015\/10\/ufla-logo-viagem1.jpg\"><img loading=\"lazy\" decoding=\"async\" class=\"alignright size-medium wp-image-102842\" src=\"http:\/\/www.ufla.br\/ascom\/wp-content\/uploads\/2015\/10\/ufla-logo-viagem1-249x165.jpg\" alt=\"ufla-logo viagem\" width=\"249\" height=\"165\" srcset=\"https:\/\/www.ufla.br\/dcom\/wp-content\/uploads\/2015\/10\/ufla-logo-viagem1-249x165.jpg 249w, https:\/\/www.ufla.br\/dcom\/wp-content\/uploads\/2015\/10\/ufla-logo-viagem1-612x405.jpg 612w, https:\/\/www.ufla.br\/dcom\/wp-content\/uploads\/2015\/10\/ufla-logo-viagem1.jpg 887w\" sizes=\"auto, (max-width: 249px) 100vw, 249px\" \/><\/a>Nessa ter\u00e7a-feira (20\/10), foram realizadas elei\u00e7\u00f5es para representante professor associado do Conselho Universit\u00e1rio (Cuni), representante dos servidores t\u00e9cnico-administrativo no Conselho de Curadores e representantes docentes e t\u00e9cnicos administrativos na Comiss\u00e3o Pr\u00f3pria de Avalia\u00e7\u00e3o (CPA).<\/p>\n<p>O processo contou com a participa\u00e7\u00e3o de 163 votantes, sendo computados 155 votos v\u00e1lidos, cinco votos brancos e tr\u00eas nulos.<\/p>\n<p><strong>CUNI<\/strong><br \/>\nProfessor Associado<br \/>\nFL\u00c1VIA MARIA AVELAR GON\u00c7ALVES<br \/>\nFORTUNATO SILVA DE MENEZES<br \/>\nALEXANDRE DE PAULA PERES (suplente)<\/p>\n<p><strong>CPA<\/strong><br \/>\nRepresentante Docente<br \/>\nANDR\u00c9 LUIS RIBEIRO LIMA<\/p>\n<p><strong>CPA<\/strong><br \/>\nRepresentante T\u00e9cnico Administrativo<br \/>\nADRIANO HIGINO FREIRE<br \/>\nJULIANA RESENDE PAVIANI<br \/>\nANA ELIZA FERREIRA ALVIN DA SILVA (suplente)<\/p>\n<p><strong>Conselho de Curadores<\/strong><br \/>\nRepresentante T\u00e9cnico Administrativo<br \/>\nADALBERTO RIBEIRO<br \/>\n&nbsp;<\/p>\n","protected":false},"excerpt":{"rendered":"<p>Nessa ter\u00e7a-feira (20\/10), foram realizadas elei\u00e7\u00f5es para representante professor associado do Conselho Universit\u00e1rio (Cuni), representante dos servidores t\u00e9cnico-administrativo no Conselho de Curadores e representantes docentes e t\u00e9cnicos administrativos na Comiss\u00e3o Pr\u00f3pria de Avalia\u00e7\u00e3o (CPA). O processo contou com a participa\u00e7\u00e3o de 163 votantes, sendo computados 155 votos v\u00e1lidos, cinco votos brancos e tr\u00eas nulos. CUNI &hellip; <a href=\"https:\/\/www.ufla.br\/dcom\/2015\/10\/21\/confira-o-resultado-das-eleicoes-para-representantes-no-cuni-conselho-de-curadores-e-cpa\/\" class=\"more-link\">Continue lendo <span class=\"screen-reader-text\">Confira o resultado das elei\u00e7\u00f5es para representantes no Cuni, Conselho de Curadores e CPA<\/span> <span class=\"meta-nav\">&rarr;<\/span><\/a><\/p>\n","protected":false},"author":6,"featured_media":0,"comment_status":"closed","ping_status":"closed","sticky":false,"template":"","format":"standard","meta":{"ngg_post_thumbnail":0,"footnotes":""},"categories":[10],"tags":[],"class_list":["post-102841","post","type-post","status-publish","format-standard","hentry","category-menores"],"_links":{"self":[{"href":"https:\/\/www.ufla.br\/dcom\/wp-json\/wp\/v2\/posts\/102841","targetHints":{"allow":["GET"]}}],"collection":[{"href":"https:\/\/www.ufla.br\/dcom\/wp-json\/wp\/v2\/posts"}],"about":[{"href":"https:\/\/www.ufla.br\/dcom\/wp-json\/wp\/v2\/types\/post"}],"author":[{"embeddable":true,"href":"https:\/\/www.ufla.br\/dcom\/wp-json\/wp\/v2\/users\/6"}],"replies":[{"embeddable":true,"href":"https:\/\/www.ufla.br\/dcom\/wp-json\/wp\/v2\/comments?post=102841"}],"version-history":[{"count":1,"href":"https:\/\/www.ufla.br\/dcom\/wp-json\/wp\/v2\/posts\/102841\/revisions"}],"predecessor-version":[{"id":102843,"href":"https:\/\/www.ufla.br\/dcom\/wp-json\/wp\/v2\/posts\/102841\/revisions\/102843"}],"wp:attachment":[{"href":"https:\/\/www.ufla.br\/dcom\/wp-json\/wp\/v2\/media?parent=102841"}],"wp:term":[{"taxonomy":"category","embeddable":true,"href":"https:\/\/www.ufla.br\/dcom\/wp-json\/wp\/v2\/categories?post=102841"},{"taxonomy":"post_tag","embeddable":true,"href":"https:\/\/www.ufla.br\/dcom\/wp-json\/wp\/v2\/tags?post=102841"}],"curies":[{"name":"wp","href":"https:\/\/api.w.org\/{rel}","templated":true}]}}