{"id":102279,"date":"2015-10-01T16:15:34","date_gmt":"2015-10-01T19:15:34","guid":{"rendered":"http:\/\/www.ufla.br\/ascom\/?p=102279"},"modified":"2015-10-05T16:39:31","modified_gmt":"2015-10-05T19:39:31","slug":"lavras-recebe-cinema-gratuito-atraves-do-conexao-sustentavel-alcoa","status":"publish","type":"post","link":"https:\/\/www.ufla.br\/dcom\/2015\/10\/01\/lavras-recebe-cinema-gratuito-atraves-do-conexao-sustentavel-alcoa\/","title":{"rendered":"Lavras recebe cinema gratuito atrav\u00e9s do Conex\u00e3o Sustent\u00e1vel Alcoa &#8211; projeto estar\u00e1 na UFLA"},"content":{"rendered":"<p><em><a href=\"http:\/\/www.ufla.br\/ascom\/wp-content\/uploads\/2015\/10\/conexao-sustentavel.jpg\"><img loading=\"lazy\" decoding=\"async\" class=\"alignleft size-full wp-image-102281\" src=\"http:\/\/www.ufla.br\/ascom\/wp-content\/uploads\/2015\/10\/conexao-sustentavel.jpg\" alt=\"conexao-sustentavel\" width=\"144\" height=\"144\" \/><\/a>Projeto, com foco na sustentabilidade ficar\u00e1 em Lavras, na segunda e ter\u00e7a-feira da pr\u00f3xima semana. Caminh\u00e3o com carroceria convertida em cinema estar\u00e1<\/em>\u00a0<em>na Universidade Federal de Lavras,\u00a0pr\u00f3ximo ao Departamento de Administra\u00e7\u00e3o e Economia.<\/em><\/p>\n<p>O Conex\u00e3o Sustent\u00e1vel Alcoa chega a Lavras no in\u00edcio da pr\u00f3xima semana e ficar\u00e1 na cidade na segunda e na ter\u00e7a-feira, dias 5 e 6 de outubro. O projeto \u00e9 uma a\u00e7\u00e3o do Minist\u00e9rio da Cultura e Alcoa, com o prop\u00f3sito de\u00a0oferecer sess\u00f5es de cinema gratuitas com document\u00e1rios sobre sustentabilidade em universidades de diferentes regi\u00f5es.<\/p>\n<p>Na semana passada o projeto estava em Ouro Preto e, ap\u00f3s Lavras, vai passar pelas cidades de Po\u00e7os de Caldas e Itajub\u00e1 (servi\u00e7o abaixo). Lan\u00e7ado esse ano para disseminar cultura, informa\u00e7\u00e3o sobre conserva\u00e7\u00e3o ambiental e entretenimento, o projeto j\u00e1 passou pelo Par\u00e1, Maranh\u00e3o e Pernambuco. At\u00e9 novembro ser\u00e3o visitados outros dois estados: S\u00e3o Paulo e Santa Catarina.<\/p>\n<p>Em Lavras, o Cinem\u00f3vel ficar\u00e1 na\u00a0Universidade Federal de Lavras (UFLA), pr\u00f3ximo ao Departamento de Administra\u00e7\u00e3o e Economia (DAE). As sess\u00f5es ter\u00e3o abertura \u00e0s 13h50 do dia 5\/10. No dia seguinte a atividades continuam, com in\u00edcio no per\u00edodo da manh\u00e3, \u00e0s 8h30. O evento \u00e9 aberto a toda a comunidade e coordenado na UFLA pelo curso de Administra\u00e7\u00e3o. O envolvimento do curso deve-se \u00e0 parceria j\u00e1 existente com a Alcoa, que \u00e9 campo de est\u00e1gio para a Administra\u00e7\u00e3o e o curso de Sistemas de Informa\u00e7\u00e3o. Ainda nesta semana, a empresa promover\u00e1 processo seletivo envolvendo estudantes dos dois cursos.<\/p>\n<p>As sess\u00f5es em Minas Gerais ocorrem no Cinem\u00f3vel, caminh\u00e3o com a carroceria convertida em sala de cinema. A programa\u00e7\u00e3o, voltada ao p\u00fablico universit\u00e1rio, tem filmes e document\u00e1rios sobre temas como preserva\u00e7\u00e3o da \u00e1gua, biodiversidade, aquecimento global, consumo consciente e manejo de res\u00edduos. O Conex\u00e3o Sustent\u00e1vel Alcoa conta ainda com outro caminh\u00e3o \u2013 o Palcom\u00f3vel \u2013 que recebe pe\u00e7as de teatro e que em outubro vai passar por Divinol\u00e2ndia (SP), Po\u00e7os de Caldas (20 a 23\/10) (MG) e S\u00e3o Caetano (SP).<\/p>\n<p>A Gerente de Programas do Instituto Alcoa, Tatiana Bizzi, destaca a inova\u00e7\u00e3o do projeto, lan\u00e7ado justamente no ano em que a Alcoa comemora 50 anos no Brasil e o Instituto Alcoa, 25 anos de atua\u00e7\u00e3o. \u201cEste \u00e9 um projeto interativo e inovador, que busca promover a cultura em diversas comunidades e universidades e que vai deixar um legado de sustentabilidade para as futuras gera\u00e7\u00f5es\u201d.<\/p>\n<p>As emiss\u00f5es de carbono geradas nos deslocamentos e em todas as atividades do projeto ser\u00e3o neutralizadas. Para isso, os promotores firmaram uma parceria com empresa especializada, que faz o invent\u00e1rio das emiss\u00f5es e as compensa\u00e7\u00f5es com investimentos em projetos ambientais certificados pela Organiza\u00e7\u00e3o das Na\u00e7\u00f5es Unidas (ONU). O projeto \u00e9 aprovado pela Lei Rouanet de Incentivo \u00e0 Cultura.<\/p>\n<p>Na UFLA, a iniciativa tem o apoio do DAE, que mant\u00e9m uma longa parceria com a Alcoa, sobretudo, no\u00a0Programa de Est\u00e1gio. Al\u00e9m do Cinem\u00f3vel, ainda nesta semana, uma equipe da empresa estar\u00e1 na UFLA para sele\u00e7\u00e3o de estudantes dos cursos de Administra\u00e7\u00e3o e Sistemas de Informa\u00e7\u00e3o para o Programa.<\/p>\n<p>Acompanhe o projeto pelo Facebook: www.facebook\/conexaosustentavel<\/p>\n<p><strong>SERVI\u00c7O:\u00a0<\/strong><\/p>\n<p><strong>Cinem\u00f3vel em Lavras<\/strong><\/p>\n<p><strong>Local: <\/strong>Em frente ao DAE, c\u00e2mpus da UFLA<\/p>\n<p><strong>Programa\u00e7\u00e3o:<\/strong><\/p>\n<p><span style=\"text-decoration: underline;\">5\/10 \u2013 Segunda-feira<\/span><\/p>\n<p>13h50: Abertura\/\u00a014h: Energia\/\u00a016h: Res\u00edduo\/\u00a019h30: \u00c1gua\/<\/p>\n<p><span style=\"text-decoration: underline;\">6\/10 \u2013 Ter\u00e7a-feira<\/span><\/p>\n<p>8h30 \u2013 \u00c1gua\/\u00a010h30:Biodiversidade\/\u00a014h: Energia\/\u00a016h: Res\u00edduo<\/p>\n<p>&nbsp;<\/p>\n<p><strong>CINEM\u00d3VEL<\/strong><\/p>\n<p><strong>Cidade \u00a0 \u00a0 \u00a0 \u00a0 \u00a0 \u00a0 \u00a0 \u00a0 \u00a0 \u00a0 \u00a0 \u00a0 \u00a0 \u00a0 \u00a0 \u00a0 \u00a0 \u00a0 \u00a0 \u00a0 \u00a0Data \u00a0 \u00a0 \u00a0 \u00a0 \u00a0 \u00a0 \u00a0 \u00a0 \u00a0 \u00a0 \u00a0 \u00a0 \u00a0 \u00a0 \u00a0 \u00a0 \u00a0 Local \u00a0 \u00a0<\/strong><\/p>\n<p>Lavras (MG)\u00a0 \u00a0 \u00a0 \u00a0 \u00a0 \u00a0 \u00a0 \u00a0 \u00a0 \u00a0 \u00a0 \u00a0 \u00a0 \u00a0 \u00a0 \u00a0\u00a005 e 06\/10 \u00a0 \u00a0 \u00a0 \u00a0 \u00a0 \u00a0 \u00a0 \u00a0 \u00a0 \u00a0 \u00a0 \u00a0UFLA (Universidade Federal de Lavras)<\/p>\n<p>Po\u00e7os de Caldas (MG) \u00a0 \u00a0 \u00a0 \u00a0 \u00a0 \u00a0 \u00a0 \u00a007 a 09\/10 \u00a0 \u00a0 \u00a0 \u00a0 \u00a0 \u00a0 \u00a0 \u00a0 \u00a0 \u00a0 \u00a0 PUC MG\u00a0(Pontif\u00edcia Universidade Cat\u00f3lica MG)<\/p>\n<p>Itajub\u00e1 (MG)\u00a0\u00a0\u00a0\u00a0\u00a0\u00a0\u00a0\u00a0\u00a0\u00a0\u00a0\u00a0\u00a0\u00a0\u00a0\u00a0\u00a0\u00a0\u00a0\u00a0\u00a0\u00a0\u00a0\u00a0\u00a0\u00a0\u00a0\u00a0\u00a0\u00a0\u00a0\u00a019 e 20\/10 \u00a0 \u00a0 \u00a0 \u00a0 \u00a0 \u00a0 \u00a0 \u00a0 \u00a0 \u00a0 \u00a0 \u00a0UNIFEI (Universidade Federal de Itajub\u00e1)<\/p>\n<p>S\u00e3o Carlos (SP) \u00a0 \u00a0 \u00a0 \u00a0 \u00a0 \u00a0 \u00a0 \u00a0 \u00a0 \u00a0 \u00a0 \u00a0 \u00a0 \u00a021 a 23\/10 \u00a0 \u00a0 \u00a0 \u00a0 \u00a0 \u00a0 \u00a0 \u00a0 \u00a0 \u00a0 \u00a0 \u00a0UFSCAR (Universidade Federal de S\u00e3o Carlos)<\/p>\n<p>S\u00e3o Bernardo do Campo (SP) \u00a0 \u00a0 \u00a0 \u00a0 \u00a026 a 28\/10 \u00a0 \u00a0 \u00a0 \u00a0 \u00a0 \u00a0 \u00a0 \u00a0 FEI (Faculdade de Engenharia Industrial)<\/p>\n<p>S\u00e3o Bernardo do Campo (SP) \u00a0 \u00a0 \u00a0 \u00a0 \u00a029 e 30\/10 \u00a0 \u00a0 \u00a0 \u00a0 \u00a0 \u00a0 \u00a0 \u00a0 UFABC (Universidade Federal do ABC)<\/p>\n<p>Florian\u00f3polis (SC) \u00a0 \u00a0 \u00a0 \u00a0 \u00a0 \u00a0 \u00a0 \u00a0 \u00a0 \u00a0 \u00a0 \u00a0 \u00a0 03 e 04\/11 \u00a0 \u00a0 \u00a0 \u00a0 \u00a0 \u00a0 \u00a0 \u00a0 \u00a0 \u00a0UFSC (Universidade Federal de Santa Catarina)<\/p>\n<p>Tubar\u00e3o (SC) \u00a0 \u00a0 \u00a0 \u00a0 \u00a0 \u00a0 \u00a0 \u00a0 \u00a0 \u00a0 \u00a0 \u00a0 \u00a0 \u00a0 \u00a0 \u00a0 \u00a005 e 06\/11 \u00a0 \u00a0 \u00a0 \u00a0 \u00a0 \u00a0 \u00a0 \u00a0 \u00a0 \u00a0 \u00a0 UNISUL (Universidade do Sul de Santa Catarina)<\/p>\n<p><strong>FILMES<\/strong><\/p>\n<p>Incentivando as Pol\u00edticas P\u00fablicas voltadas ao reuso da \u00e1gua<\/p>\n<p>A lei da \u00e1gua: novo C\u00f3digo Florestal<\/p>\n<p>Desafogando a \u00e1gua<\/p>\n<p>Iluminando Sonhos<\/p>\n<p>\u00c1gua, riqueza das Am\u00e9ricas &#8211; ANA<\/p>\n<p>Salvem o Rio<\/p>\n<p>\u00c1gua: da nascente \u00e0 torneira<\/p>\n<p>A lei da \u00e1gua: novo C\u00f3digo Florestal<\/p>\n<p>Desmatamento Zero<\/p>\n<p>Cintur\u00e3o Verde de Porto Alegre: territ\u00f3rio em disputa<\/p>\n<p>O homem e os recifes. A hist\u00f3ria do projeto coral vivo<\/p>\n<p>Gerar Lixo com Luxo ou gerar luxo com lixo?<\/p>\n<p>Ilha das Flores<\/p>\n<p>Nosso lixo, nosso futuro<\/p>\n<p>Dias melhores<\/p>\n<p>H\u00e1 vida ap\u00f3s o lix\u00e3o<\/p>\n<p>Turismo Co2<\/p>\n<p>Mudan\u00e7as Clim\u00e1ticas<\/p>\n<p>Artes\u00e3s do Cerrados<\/p>\n<p>Consumo Infantil<\/p>\n<p><a href=\"http:\/\/www.ufla.br\/ascom\/wp-content\/uploads\/2015\/10\/cinema-alcoa.jpg\"><img loading=\"lazy\" decoding=\"async\" class=\"aligncenter size-full wp-image-102297\" src=\"http:\/\/www.ufla.br\/ascom\/wp-content\/uploads\/2015\/10\/cinema-alcoa.jpg\" alt=\"cinema-alcoa\" width=\"436\" height=\"616\" srcset=\"https:\/\/www.ufla.br\/dcom\/wp-content\/uploads\/2015\/10\/cinema-alcoa.jpg 436w, https:\/\/www.ufla.br\/dcom\/wp-content\/uploads\/2015\/10\/cinema-alcoa-176x249.jpg 176w\" sizes=\"auto, (max-width: 436px) 100vw, 436px\" \/><\/a><\/p>\n<p>&nbsp;<\/p>\n","protected":false},"excerpt":{"rendered":"<p>Projeto, com foco na sustentabilidade ficar\u00e1 em Lavras, na segunda e ter\u00e7a-feira da pr\u00f3xima semana. Caminh\u00e3o com carroceria convertida em cinema estar\u00e1 na UFLA, pr\u00f3ximo ao DAE (&#8230;)<\/p>\n","protected":false},"author":6,"featured_media":0,"comment_status":"closed","ping_status":"closed","sticky":false,"template":"","format":"standard","meta":{"ngg_post_thumbnail":0,"footnotes":""},"categories":[1],"tags":[749,71,78],"class_list":["post-102279","post","type-post","status-publish","format-standard","hentry","category-noticias","tag-cinema","tag-cultura","tag-parceria"],"_links":{"self":[{"href":"https:\/\/www.ufla.br\/dcom\/wp-json\/wp\/v2\/posts\/102279","targetHints":{"allow":["GET"]}}],"collection":[{"href":"https:\/\/www.ufla.br\/dcom\/wp-json\/wp\/v2\/posts"}],"about":[{"href":"https:\/\/www.ufla.br\/dcom\/wp-json\/wp\/v2\/types\/post"}],"author":[{"embeddable":true,"href":"https:\/\/www.ufla.br\/dcom\/wp-json\/wp\/v2\/users\/6"}],"replies":[{"embeddable":true,"href":"https:\/\/www.ufla.br\/dcom\/wp-json\/wp\/v2\/comments?post=102279"}],"version-history":[{"count":9,"href":"https:\/\/www.ufla.br\/dcom\/wp-json\/wp\/v2\/posts\/102279\/revisions"}],"predecessor-version":[{"id":102299,"href":"https:\/\/www.ufla.br\/dcom\/wp-json\/wp\/v2\/posts\/102279\/revisions\/102299"}],"wp:attachment":[{"href":"https:\/\/www.ufla.br\/dcom\/wp-json\/wp\/v2\/media?parent=102279"}],"wp:term":[{"taxonomy":"category","embeddable":true,"href":"https:\/\/www.ufla.br\/dcom\/wp-json\/wp\/v2\/categories?post=102279"},{"taxonomy":"post_tag","embeddable":true,"href":"https:\/\/www.ufla.br\/dcom\/wp-json\/wp\/v2\/tags?post=102279"}],"curies":[{"name":"wp","href":"https:\/\/api.w.org\/{rel}","templated":true}]}}