{"id":10177,"date":"2012-04-08T10:20:15","date_gmt":"2012-04-08T12:20:15","guid":{"rendered":"http:\/\/www.ufla.br\/ascom\/?p=10177"},"modified":"2015-02-25T10:27:40","modified_gmt":"2015-02-25T12:27:40","slug":"abertas-inscricoes-para-mestrado-e-doutorado-na-ufla-20122","status":"publish","type":"post","link":"https:\/\/www.ufla.br\/dcom\/2012\/04\/08\/abertas-inscricoes-para-mestrado-e-doutorado-na-ufla-20122\/","title":{"rendered":"Abertas inscri\u00e7\u00f5es para mestrado e doutorado na UFLA \u2013 2012\/2"},"content":{"rendered":"<h6><a href=\"http:\/\/www.ufla.br\/ascom\/wp-content\/uploads\/2012\/04\/p\u00f3s-gradua\u00e7\u00e3o-menor.jpg\"><img loading=\"lazy\" decoding=\"async\" class=\"alignleft size-medium wp-image-10178\" title=\"p\u00f3s-gradua\u00e7\u00e3o\" alt=\"\" src=\"http:\/\/www.ufla.br\/ascom\/wp-content\/uploads\/2012\/04\/p\u00f3s-gradua\u00e7\u00e3o-menor-300x202.jpg\" width=\"300\" height=\"202\" srcset=\"https:\/\/www.ufla.br\/dcom\/wp-content\/uploads\/2012\/04\/p\u00f3s-gradua\u00e7\u00e3o-menor-300x202.jpg 300w, https:\/\/www.ufla.br\/dcom\/wp-content\/uploads\/2012\/04\/p\u00f3s-gradua\u00e7\u00e3o-menor.jpg 400w\" sizes=\"auto, (max-width: 300px) 100vw, 300px\" \/><\/a><\/h6>\n<p>O prazo para se inscrever no processo seletivo aos programas de p\u00f3s-gradua\u00e7\u00e3o <em>Stricto Sensu<\/em> (mestrado e doutorado) da UFLA come\u00e7ou hoje (2 de abril) e vai at\u00e9 a meia-noite do dia 16 de maio. A inscri\u00e7\u00e3o deve ser feita no<em> site<\/em> da Pr\u00f3-Reitoria de P\u00f3s-Gradua\u00e7\u00e3o (<a href=\"http:\/\/www.prpg.ufla.br\/\">www.prpg.ufla.br<\/a>).<\/p>\n<p>De hoje at\u00e9 9 de abril, permanece aberto o per\u00edodo para requerer isen\u00e7\u00e3o da taxa de inscri\u00e7\u00e3o. Para obter o benef\u00edcio, o candidato deve solicit\u00e1-lo no ato de inscri\u00e7\u00e3o e se enquadrar nas exig\u00eancias previstas no edital. O resultado da isen\u00e7\u00e3o ser\u00e1 publicado no site da PRPG no dia 16 de abril.<\/p>\n<p>Dezessete programas disponibilizam vagas para os cursos de mestrado e\/ou doutorado: Biotecnologia Vegetal, Bot\u00e2nica Aplicada, Ci\u00eancia da Computa\u00e7\u00e3o, Ci\u00eancia do Solo, Ci\u00eancias Veterin\u00e1rias, Ecologia Aplicada, Educa\u00e7\u00e3o (Profissional), Engenharia Agr\u00edcola, Engenharia de Sistemas, F\u00edsica, Fisiologia Vegetal, Fitopatologia, Fitotecnia, Gen\u00e9tica e Melhoramento de Plantas, Microbiologia Agr\u00edcola, Recursos H\u00eddricos em Sistemas Agr\u00edcolas e Zootecnia.<\/p>\n<p>Nesse processo seletivo, h\u00e1 106 vagas para mestrado e 50 para doutorado. As vagas, os requisitos e outras disposi\u00e7\u00f5es podem ser conferidos no edital, <a href=\"http:\/\/www.prpg.ufla.br\/prpg2010\/wp-content\/uploads\/2012\/02\/edital-02.pdf\">dispon\u00edvel aqui<\/a>.<\/p>\n<p>&nbsp;<\/p>\n","protected":false},"excerpt":{"rendered":"<p>O prazo para se inscrever no processo seletivo aos programas de p\u00f3s-gradua\u00e7\u00e3o Stricto Sensu (mestrado e doutorado) da UFLA come\u00e7ou hoje (2 de abril) e vai at\u00e9 a meia-noite do dia 16 de maio. A inscri\u00e7\u00e3o deve ser feita no site da Pr\u00f3-Reitoria de P\u00f3s-Gradua\u00e7\u00e3o (www.prpg.ufla.br). (&#8230;)<\/p>\n","protected":false},"author":8,"featured_media":0,"comment_status":"closed","ping_status":"closed","sticky":false,"template":"","format":"standard","meta":{"ngg_post_thumbnail":0,"footnotes":""},"categories":[1],"tags":[11],"class_list":["post-10177","post","type-post","status-publish","format-standard","hentry","category-noticias","tag-pos-graduacao-ufla"],"_links":{"self":[{"href":"https:\/\/www.ufla.br\/dcom\/wp-json\/wp\/v2\/posts\/10177","targetHints":{"allow":["GET"]}}],"collection":[{"href":"https:\/\/www.ufla.br\/dcom\/wp-json\/wp\/v2\/posts"}],"about":[{"href":"https:\/\/www.ufla.br\/dcom\/wp-json\/wp\/v2\/types\/post"}],"author":[{"embeddable":true,"href":"https:\/\/www.ufla.br\/dcom\/wp-json\/wp\/v2\/users\/8"}],"replies":[{"embeddable":true,"href":"https:\/\/www.ufla.br\/dcom\/wp-json\/wp\/v2\/comments?post=10177"}],"version-history":[{"count":6,"href":"https:\/\/www.ufla.br\/dcom\/wp-json\/wp\/v2\/posts\/10177\/revisions"}],"predecessor-version":[{"id":10181,"href":"https:\/\/www.ufla.br\/dcom\/wp-json\/wp\/v2\/posts\/10177\/revisions\/10181"}],"wp:attachment":[{"href":"https:\/\/www.ufla.br\/dcom\/wp-json\/wp\/v2\/media?parent=10177"}],"wp:term":[{"taxonomy":"category","embeddable":true,"href":"https:\/\/www.ufla.br\/dcom\/wp-json\/wp\/v2\/categories?post=10177"},{"taxonomy":"post_tag","embeddable":true,"href":"https:\/\/www.ufla.br\/dcom\/wp-json\/wp\/v2\/tags?post=10177"}],"curies":[{"name":"wp","href":"https:\/\/api.w.org\/{rel}","templated":true}]}}