{"id":101265,"date":"2015-09-08T17:57:38","date_gmt":"2015-09-08T20:57:38","guid":{"rendered":"http:\/\/www.ufla.br\/ascom\/?p=101265"},"modified":"2015-09-10T09:36:27","modified_gmt":"2015-09-10T12:36:27","slug":"atleta-da-ufla-se-e-bicampea-brasileira-de-tae-kwon-do","status":"publish","type":"post","link":"https:\/\/www.ufla.br\/dcom\/2015\/09\/08\/atleta-da-ufla-se-e-bicampea-brasileira-de-tae-kwon-do\/","title":{"rendered":"Atleta da UFLA \u00e9 bicampe\u00e3 brasileira de Tae Kwon-Do"},"content":{"rendered":"<figure id=\"attachment_101268\" aria-describedby=\"caption-attachment-101268\" style=\"width: 249px\" class=\"wp-caption alignleft\"><a href=\"http:\/\/www.ufla.br\/ascom\/wp-content\/uploads\/2015\/09\/atletamariela.jpg\"><img loading=\"lazy\" decoding=\"async\" class=\"wp-image-101268 size-medium\" src=\"http:\/\/www.ufla.br\/ascom\/wp-content\/uploads\/2015\/09\/atletamariela-249x199.jpg\" alt=\"atletamariela\" width=\"249\" height=\"199\" srcset=\"https:\/\/www.ufla.br\/dcom\/wp-content\/uploads\/2015\/09\/atletamariela-249x199.jpg 249w, https:\/\/www.ufla.br\/dcom\/wp-content\/uploads\/2015\/09\/atletamariela-612x490.jpg 612w, https:\/\/www.ufla.br\/dcom\/wp-content\/uploads\/2015\/09\/atletamariela.jpg 1476w\" sizes=\"auto, (max-width: 249px) 100vw, 249px\" \/><\/a><figcaption id=\"caption-attachment-101268\" class=\"wp-caption-text\">A atleta Mariela de Abreu (a segunda da esq. p\/ a dir.) \u00e9 bicampe\u00e3 brasileira de Tae Kwon-Do.<\/figcaption><\/figure>\n<p>A atleta da Sele\u00e7\u00e3o Mineira Mariela de Abreu, estudante do curso de Nutri\u00e7\u00e3o da Universidade Federal de Lavras (UFLA), sagrou-se bicampe\u00e3 brasileira, na categoria Master at\u00e9 57 Kg, no Campeonato Brasileiro de Tae Kwon-Do.<\/p>\n<p>O evento ocorreu nos dias 29\/8 e 30\/8, na cidade de Jaragu\u00e1 do Sul (SC), e foi chancelado pela Confedera\u00e7\u00e3o Brasileira de Tae Kwon-Do.<\/p>\n<p>Em seu combate na semifinal, Mariela enfrentou uma atleta de Santa Catarina e venceu com o placar de 15 a 0. J\u00e1 na final, competiu com a atleta do Distrito Federal e venceu com\u00a0um placar de 11 a 0.<\/p>\n<p>Para Mariela, esse resultado reflete uma grande supera\u00e7\u00e3o. Tr\u00eas meses antes da competi\u00e7\u00e3o, ela sofreu uma fratura do bra\u00e7o, tendo que passar por um processo de reabilita\u00e7\u00e3o. Somente no in\u00edcio do m\u00eas de agosto conseguiu se recuperar totalmente e participar do campeonato.<\/p>\n<p>No \u00faltimo ano, a estudante acumulou vit\u00f3rias: foi campe\u00e3 mineira, campe\u00e3 brasileira e campe\u00e3 da Copa do Brasil. Mariela atua com o suporte da Liga Esportiva da Universidade Federal de Lavras (<a href=\"http:\/\/www.leufla.ufla.br\/\"><strong>Leufla<\/strong><\/a>), tendo como preparador f\u00edsico o professor de do Departamento de Educa\u00e7\u00e3o F\u00edsica (DEF) e coordenador do Cria Lavras, Fernando Roberto de Oliveira; e como t\u00e9cnico o profissional em Tae Kwon-Do Valdeci Zampieri.<\/p>\n<p>O Campeonato valeu 20 Pontos para o Ranking Nacional Brasileiro.<\/p>\n<h5><strong>Texto: Camila Caetano \u2013 jornalista, bolsista\/UFLA.<\/strong><\/h5>\n","protected":false},"excerpt":{"rendered":"<p>A atleta da Sele\u00e7\u00e3o Mineira Mariela de Abreu, estudante do curso de Nutri\u00e7\u00e3o da Universidade Federal de Lavras (UFLA), sagrou-se bicampe\u00e3 brasileira, na categoria Master at\u00e9 57 Kg, no Campeonato Brasileiro de Tae Kwon-Do. O evento ocorreu nos dias 29\/8 e 30\/8, na cidade de Jaragu\u00e1 do Sul (SC), e foi chancelado pela Confedera\u00e7\u00e3o Brasileira &hellip; <a href=\"https:\/\/www.ufla.br\/dcom\/2015\/09\/08\/atleta-da-ufla-se-e-bicampea-brasileira-de-tae-kwon-do\/\" class=\"more-link\">Continue lendo <span class=\"screen-reader-text\">Atleta da UFLA \u00e9 bicampe\u00e3 brasileira de Tae Kwon-Do<\/span> <span class=\"meta-nav\">&rarr;<\/span><\/a><\/p>\n","protected":false},"author":9,"featured_media":0,"comment_status":"closed","ping_status":"closed","sticky":false,"template":"","format":"standard","meta":{"ngg_post_thumbnail":0,"footnotes":""},"categories":[1,10],"tags":[210,1180],"class_list":["post-101265","post","type-post","status-publish","format-standard","hentry","category-noticias","category-menores","tag-esporte-2","tag-tae-kwon-do"],"_links":{"self":[{"href":"https:\/\/www.ufla.br\/dcom\/wp-json\/wp\/v2\/posts\/101265","targetHints":{"allow":["GET"]}}],"collection":[{"href":"https:\/\/www.ufla.br\/dcom\/wp-json\/wp\/v2\/posts"}],"about":[{"href":"https:\/\/www.ufla.br\/dcom\/wp-json\/wp\/v2\/types\/post"}],"author":[{"embeddable":true,"href":"https:\/\/www.ufla.br\/dcom\/wp-json\/wp\/v2\/users\/9"}],"replies":[{"embeddable":true,"href":"https:\/\/www.ufla.br\/dcom\/wp-json\/wp\/v2\/comments?post=101265"}],"version-history":[{"count":2,"href":"https:\/\/www.ufla.br\/dcom\/wp-json\/wp\/v2\/posts\/101265\/revisions"}],"predecessor-version":[{"id":101274,"href":"https:\/\/www.ufla.br\/dcom\/wp-json\/wp\/v2\/posts\/101265\/revisions\/101274"}],"wp:attachment":[{"href":"https:\/\/www.ufla.br\/dcom\/wp-json\/wp\/v2\/media?parent=101265"}],"wp:term":[{"taxonomy":"category","embeddable":true,"href":"https:\/\/www.ufla.br\/dcom\/wp-json\/wp\/v2\/categories?post=101265"},{"taxonomy":"post_tag","embeddable":true,"href":"https:\/\/www.ufla.br\/dcom\/wp-json\/wp\/v2\/tags?post=101265"}],"curies":[{"name":"wp","href":"https:\/\/api.w.org\/{rel}","templated":true}]}}