{"id":10082,"date":"2012-03-28T16:24:40","date_gmt":"2012-03-28T18:24:40","guid":{"rendered":"http:\/\/www.ufla.br\/ascom\/?p=10082"},"modified":"2015-02-23T16:39:17","modified_gmt":"2015-02-23T18:39:17","slug":"ciencia-sem-fronteiras-faz-nova-chamada-para-intercambio-na-graduacao-em-sete-paises","status":"publish","type":"post","link":"https:\/\/www.ufla.br\/dcom\/2012\/03\/28\/ciencia-sem-fronteiras-faz-nova-chamada-para-intercambio-na-graduacao-em-sete-paises\/","title":{"rendered":"Ci\u00eancia sem Fronteiras faz nova chamada para interc\u00e2mbio na gradua\u00e7\u00e3o em sete pa\u00edses"},"content":{"rendered":"<p><a href=\"http:\/\/www.ufla.br\/ascom\/wp-content\/uploads\/2012\/03\/28.03-Ci\u00eancia-sem-Fronteiras.jpg\"><img loading=\"lazy\" decoding=\"async\" class=\"alignleft size-medium wp-image-10083\" title=\"28.03 Ci\u00eancia sem Fronteiras\" src=\"http:\/\/www.ufla.br\/ascom\/wp-content\/uploads\/2012\/03\/28.03-Ci\u00eancia-sem-Fronteiras-300x156.jpg\" alt=\"\" width=\"300\" height=\"156\" srcset=\"https:\/\/www.ufla.br\/dcom\/wp-content\/uploads\/2012\/03\/28.03-Ci\u00eancia-sem-Fronteiras-300x156.jpg 300w, https:\/\/www.ufla.br\/dcom\/wp-content\/uploads\/2012\/03\/28.03-Ci\u00eancia-sem-Fronteiras.jpg 375w\" sizes=\"auto, (max-width: 300px) 100vw, 300px\" \/><\/a>Os formul\u00e1rios de inscri\u00e7\u00e3o para as novas chamadas de gradua\u00e7\u00e3o sandu\u00edche (SWG) na Austr\u00e1lia, B\u00e9lgica, Canad\u00e1, Coreia do Sul, Espanha, Holanda e Portugal j\u00e1 est\u00e3o dispon\u00edveis no portal do programa Ci\u00eancia sem Fronteiras \u2013 \u00a0<a href=\"http:\/\/www.cienciasemfronteiras.gov.br\/\">www.cienciasemfronteiras.gov.br<\/a> .<\/p>\n<p>As inscri\u00e7\u00f5es devem ser realizadas at\u00e9 o dia 30 de abril, por meio do <a href=\"http:\/\/www.cienciasemfronteiras.gov.br\/en\/web\/csf\/graduacao1\">Formul\u00e1rio On-line<\/a>. A participa\u00e7\u00e3o na chamada contempla duas formas de inscri\u00e7\u00e3o: mediante ades\u00e3o das Institui\u00e7\u00f5es de Ensino Superior (IES), para institui\u00e7\u00f5es que possuem curso de p\u00f3s-gradua\u00e7\u00e3o reconhecido pela Capes dentro das <a href=\"http:\/\/www.cienciasemfronteiras.gov.br\/en\/web\/csf\/areas-prioritarias\">\u00e1reas priorit\u00e1rias<\/a> do Ci\u00eancia sem Fronteiras; ou mediante candidaturas individuais.<\/p>\n<p>Para as candidaturas mediante ades\u00e3o da IES, o candidato deve encaminhar o hist\u00f3rico escolar de gradua\u00e7\u00e3o, comprovante do teste de profici\u00eancia na L\u00edngua do pa\u00eds de destino, quando exigido, e apresentar o perfil de aluno de excel\u00eancia, baseado no bom desempenho acad\u00eamico segundo crit\u00e9rios da institui\u00e7\u00e3o.<\/p>\n<p>Entre outros requisitos, o candidato deve estar matriculado em curso de n\u00edvel superior nas \u00e1reas e temas do programa; ter nacionalidade brasileira; ter cursado no m\u00ednimo 20% e no m\u00e1ximo 90% do curr\u00edculo previsto para seu curso e se comprometer a permanecer no Brasil pelo dobro de tempo que permanecer no exterior para a realiza\u00e7\u00e3o da gradua\u00e7\u00e3o sandu\u00edche.<\/p>\n<p>O programa Ci\u00eancia sem Fronteiras \u00e9 uma iniciativa do Governo Federal, por meio dos Minist\u00e9rios da Ci\u00eancia, Tecnologia e Inova\u00e7\u00e3o (MCTI) e da Educa\u00e7\u00e3o (MEC) e suas institui\u00e7\u00f5es de fomento &#8211; Conselho Nacional de Desenvolvimento Cient\u00edfico e Tecnol\u00f3gico (CNPq\/MCTI) e Coordena\u00e7\u00e3o de Aperfei\u00e7oamento de Pessoal de N\u00edvel Superior (Capes).<\/p>\n<p>Para esclarecimento de d\u00favidas, entrar em contato pelo e-mail:<\/p>\n<p><a href=\"mailto:faleconosco@cienciasemfronteiras.gov.br\" target=\"_blank\">faleconosco@cienciasemfronteiras.gov.br<\/a><\/p>\n<h6>Fonte: Equipe do Programa Ci\u00eancia sem Fronteiras &#8211; CNPq\/CAPES<\/h6>\n<p>&nbsp;<\/p>\n","protected":false},"excerpt":{"rendered":"<p>Os formul\u00e1rios de inscri\u00e7\u00e3o para as novas chamadas de gradua\u00e7\u00e3o sandu\u00edche (SWG) na Austr\u00e1lia, B\u00e9lgica, Canad\u00e1, Coreia do Sul, Espanha, Holanda e Portugal j\u00e1 est\u00e3o dispon\u00edveis no portal do programa Ci\u00eancia sem Fronteiras (&#8230;)<\/p>\n","protected":false},"author":6,"featured_media":0,"comment_status":"closed","ping_status":"closed","sticky":false,"template":"","format":"standard","meta":{"ngg_post_thumbnail":0,"footnotes":""},"categories":[1],"tags":[490],"class_list":["post-10082","post","type-post","status-publish","format-standard","hentry","category-noticias","tag-ciencia-sem-fronteiras"],"_links":{"self":[{"href":"https:\/\/www.ufla.br\/dcom\/wp-json\/wp\/v2\/posts\/10082","targetHints":{"allow":["GET"]}}],"collection":[{"href":"https:\/\/www.ufla.br\/dcom\/wp-json\/wp\/v2\/posts"}],"about":[{"href":"https:\/\/www.ufla.br\/dcom\/wp-json\/wp\/v2\/types\/post"}],"author":[{"embeddable":true,"href":"https:\/\/www.ufla.br\/dcom\/wp-json\/wp\/v2\/users\/6"}],"replies":[{"embeddable":true,"href":"https:\/\/www.ufla.br\/dcom\/wp-json\/wp\/v2\/comments?post=10082"}],"version-history":[{"count":4,"href":"https:\/\/www.ufla.br\/dcom\/wp-json\/wp\/v2\/posts\/10082\/revisions"}],"predecessor-version":[{"id":79999,"href":"https:\/\/www.ufla.br\/dcom\/wp-json\/wp\/v2\/posts\/10082\/revisions\/79999"}],"wp:attachment":[{"href":"https:\/\/www.ufla.br\/dcom\/wp-json\/wp\/v2\/media?parent=10082"}],"wp:term":[{"taxonomy":"category","embeddable":true,"href":"https:\/\/www.ufla.br\/dcom\/wp-json\/wp\/v2\/categories?post=10082"},{"taxonomy":"post_tag","embeddable":true,"href":"https:\/\/www.ufla.br\/dcom\/wp-json\/wp\/v2\/tags?post=10082"}],"curies":[{"name":"wp","href":"https:\/\/api.w.org\/{rel}","templated":true}]}}